{"id":13966,"date":"2016-06-21T05:48:34","date_gmt":"2016-06-21T10:48:34","guid":{"rendered":"http:\/\/www.revistazetta.com\/?p=13966"},"modified":"2016-06-22T06:45:26","modified_gmt":"2016-06-22T11:45:26","slug":"llamado-atencion-empresas-servicios-publicos-inoportuno-cumplimiento-labores","status":"publish","type":"post","link":"https:\/\/revistazetta.com\/?p=13966","title":{"rendered":"Reprenden a empresas de servicios p\u00fablicos por inoportuno cumplimiento de sus labores"},"content":{"rendered":"<p>Una vez m\u00e1s, el alcalde de Cartagena, Manolo Duque, solicit\u00f3 a las empresas de servicios p\u00fablicos, como telefon\u00eda, internet y conexiones de televisi\u00f3n, el debido cumplimiento en la entrega y mantenimiento de las tapas de los registros ubicados en los diferentes sectores de la Ciudad, ante las continuas quejas de la ciudadan\u00eda.<\/p>\n<p>El presidente de la junta  de Acci\u00f3n Comunal del barrio Manga y representante de Asomanga, Julio Romero denunci\u00f3 que hace m\u00e1s de 4 semanas se viene presentando una problem\u00e1tica con un registro destapado en la avenida de La Asamblea y la Avenida Jim\u00e9nez.<\/p>\n<p><img loading=\"lazy\" decoding=\"async\" src=\"https:\/\/www.revistazetta.com\/wp-content\/uploads\/2016\/06\/SP2-300x187.jpg\" alt=\"SP2\" width=\"300\" height=\"187\" class=\"alignleft size-medium wp-image-13969\" srcset=\"https:\/\/revistazetta.com\/wp-content\/uploads\/2016\/06\/SP2-300x187.jpg 300w, https:\/\/revistazetta.com\/wp-content\/uploads\/2016\/06\/SP2-234x146.jpg 234w, https:\/\/revistazetta.com\/wp-content\/uploads\/2016\/06\/SP2-50x31.jpg 50w, https:\/\/revistazetta.com\/wp-content\/uploads\/2016\/06\/SP2-120x75.jpg 120w, https:\/\/revistazetta.com\/wp-content\/uploads\/2016\/06\/SP2.jpg 570w\" sizes=\"auto, (max-width: 300px) 100vw, 300px\" \/><\/p>\n<p><img loading=\"lazy\" decoding=\"async\" src=\"https:\/\/www.revistazetta.com\/wp-content\/uploads\/2016\/06\/SP1-300x187.jpg\" alt=\"SP1\" width=\"300\" height=\"187\" class=\"alignleft size-medium wp-image-13968\" srcset=\"https:\/\/revistazetta.com\/wp-content\/uploads\/2016\/06\/SP1-300x187.jpg 300w, https:\/\/revistazetta.com\/wp-content\/uploads\/2016\/06\/SP1-234x146.jpg 234w, https:\/\/revistazetta.com\/wp-content\/uploads\/2016\/06\/SP1-50x31.jpg 50w, https:\/\/revistazetta.com\/wp-content\/uploads\/2016\/06\/SP1-120x75.jpg 120w, https:\/\/revistazetta.com\/wp-content\/uploads\/2016\/06\/SP1.jpg 570w\" sizes=\"auto, (max-width: 300px) 100vw, 300px\" \/><br \/>\n\u201cFui personalmente hasta movistar y all\u00ed me dijeron que eso no lo defin\u00edan aqu\u00ed, sino que lo manejaba Bogot\u00e1, as\u00ed que me tocaba enviar una carta y que me dar\u00edan respuesta a las 15 \u00f3 18 d\u00edas siguientes de haber recibido la carta\u201d, se\u00f1al\u00f3.<br \/>\nDe igual forma, resalt\u00f3 el alt\u00edsimo porcentaje de accidente que representa dicho registro sin tapa.<\/p>\n<p>El Secretario de Infraestructura, Wilson Herrera D\u00edaz, explico que \u201cEstos registros de las c\u00e1maras de comunicaciones que contienen los cables de fibra \u00f3ptica del barrio de manga y que en un principio pertenec\u00edan a Telecom, en la actualidad pertenecen a movistar, a los cuales reiteradamente se les ha hecho llamado para que repongan dicha tapa faltante y no ha sido posible. Por esta raz\u00f3n vamos a tener que dirigirnos a la CRC con el fin de que cumplan con las obligaciones que tienen, como es el caso de mantener el espacio p\u00fablico a lo largo de toda la Ciudad, porque as\u00ed como se lucran con el uso de celulares y de las conexiones de televisi\u00f3n e internet deben cumplir con sus responsabilidades con el Distrito\u201d.<\/p>\n<p>Por \u00faltimo agrego que \u201cla misma problem\u00e1tica se presenta en el sector amurallado, una zona tur\u00edstica la cual debe tener la mejor presentaci\u00f3n, no es justo que las empresas extranjeras vengan a Colombia a usurpar econ\u00f3micamente nuestros bienes y no contribuyan al desarrollo de la Ciudad\u201d.<\/p>\n<p>Es por esta raz\u00f3n que la Administraci\u00f3n Primero la Gente le hace un llamado a las empresas de Servicios P\u00fablicos para que oportunamente den cumplimiento de sus responsabilidades, sobre todo si se pone en riesgo la seguridad de los propios y turistas.<\/p>\n","protected":false},"excerpt":{"rendered":"<p>Una vez m\u00e1s, el alcalde de Cartagena, Manolo Duque, solicit\u00f3 a las empresas de servicios p\u00fablicos, como telefon\u00eda, internet y conexiones de televisi\u00f3n, el debido cumplimiento en la entrega y mantenimiento de las tapas de los registros ubicados en los diferentes sectores de la Ciudad, ante las continuas quejas de la ciudadan\u00eda. El presidente de la junta de Acci\u00f3n Comunal del barrio Manga y representante de Asomanga, Julio Romero denunci\u00f3 que hace m\u00e1s de 4 semanas se viene presentando una problem\u00e1tica con un registro destapado en la avenida de La&#8230; <\/p>\n","protected":false},"author":3,"featured_media":14008,"comment_status":"open","ping_status":"closed","sticky":false,"template":"","format":"standard","meta":{"footnotes":"","_links_to":"","_links_to_target":""},"categories":[32,75],"tags":[],"class_list":["post-13966","post","type-post","status-publish","format-standard","has-post-thumbnail","hentry","category-actualidad-distrito","category-destacada"],"_links":{"self":[{"href":"https:\/\/revistazetta.com\/index.php?rest_route=\/wp\/v2\/posts\/13966","targetHints":{"allow":["GET"]}}],"collection":[{"href":"https:\/\/revistazetta.com\/index.php?rest_route=\/wp\/v2\/posts"}],"about":[{"href":"https:\/\/revistazetta.com\/index.php?rest_route=\/wp\/v2\/types\/post"}],"author":[{"embeddable":true,"href":"https:\/\/revistazetta.com\/index.php?rest_route=\/wp\/v2\/users\/3"}],"replies":[{"embeddable":true,"href":"https:\/\/revistazetta.com\/index.php?rest_route=%2Fwp%2Fv2%2Fcomments&post=13966"}],"version-history":[{"count":0,"href":"https:\/\/revistazetta.com\/index.php?rest_route=\/wp\/v2\/posts\/13966\/revisions"}],"wp:featuredmedia":[{"embeddable":true,"href":"https:\/\/revistazetta.com\/index.php?rest_route=\/wp\/v2\/media\/14008"}],"wp:attachment":[{"href":"https:\/\/revistazetta.com\/index.php?rest_route=%2Fwp%2Fv2%2Fmedia&parent=13966"}],"wp:term":[{"taxonomy":"category","embeddable":true,"href":"https:\/\/revistazetta.com\/index.php?rest_route=%2Fwp%2Fv2%2Fcategories&post=13966"},{"taxonomy":"post_tag","embeddable":true,"href":"https:\/\/revistazetta.com\/index.php?rest_route=%2Fwp%2Fv2%2Ftags&post=13966"}],"curies":[{"name":"wp","href":"https:\/\/api.w.org\/{rel}","templated":true}]}}