{"id":13972,"date":"2016-06-21T14:04:47","date_gmt":"2016-06-21T19:04:47","guid":{"rendered":"http:\/\/www.revistazetta.com\/?p=13972"},"modified":"2016-06-21T16:34:29","modified_gmt":"2016-06-21T21:34:29","slug":"intercambio-turistico-educacion-seguriadad-cartagena-mexico","status":"publish","type":"post","link":"https:\/\/revistazetta.com\/?p=13972","title":{"rendered":"Intercambio turistico, de educaci\u00f3n y seguriadad entre Cartagena y M\u00e9xico"},"content":{"rendered":"<p>Hoy se efectu\u00f3 la firma del hermanamiento entre Distrito Federal  Iztacalco M\u00e9xico y Cartagena. Los dos gobiernos iniciaron desde hoy  mesas de trabajo para dar acciones r\u00e1pidas a intercambios en materia de turismo, educaci\u00f3n y seguridad.<\/p>\n<p>Este proceso binacional, fue posible gracias a la gesti\u00f3n de la Primera Dama del Distrito, Viviana S\u00e1nchez de Duque, quien conoci\u00f3 el inter\u00e9s del gobierno azteca de trabajar mancomunadamente con Colombia, logrando la uni\u00f3n a trav\u00e9s de la fundaci\u00f3n FIPACOL y la oficina de cooperaci\u00f3n internacional de la Alcald\u00eda.<\/p>\n<p>Hasta  el despacho del Alcalde Mayor de Cartagena, Manolo Duque, llego el Jefe Delegacional de Iztacalco, Carlos Estrada, el gobernante mexicano manifest\u00f3 su profundo inter\u00e9s en  la ciudad por la belleza, potencial tur\u00edstico, cultura, lo que representa para Latinoam\u00e9rica el sector amurallado y su ubicaci\u00f3n geopol\u00edtica. Estrada estuvo acompa\u00f1ado por su equipo de hacienda y relaciones internacionales.<br \/>\n<img loading=\"lazy\" decoding=\"async\" src=\"https:\/\/www.revistazetta.com\/wp-content\/uploads\/2016\/06\/MC3-300x188.jpg\" alt=\"MC3\" width=\"300\" height=\"188\" class=\"alignleft size-medium wp-image-13981\" srcset=\"https:\/\/revistazetta.com\/wp-content\/uploads\/2016\/06\/MC3-300x188.jpg 300w, https:\/\/revistazetta.com\/wp-content\/uploads\/2016\/06\/MC3-234x146.jpg 234w, https:\/\/revistazetta.com\/wp-content\/uploads\/2016\/06\/MC3-50x31.jpg 50w, https:\/\/revistazetta.com\/wp-content\/uploads\/2016\/06\/MC3-120x75.jpg 120w, https:\/\/revistazetta.com\/wp-content\/uploads\/2016\/06\/MC3.jpg 808w\" sizes=\"auto, (max-width: 300px) 100vw, 300px\" \/><\/p>\n<p><img loading=\"lazy\" decoding=\"async\" src=\"https:\/\/www.revistazetta.com\/wp-content\/uploads\/2016\/06\/MC1-300x188.jpg\" alt=\"MC1\" width=\"300\" height=\"188\" class=\"alignleft size-medium wp-image-13980\" srcset=\"https:\/\/revistazetta.com\/wp-content\/uploads\/2016\/06\/MC1-300x188.jpg 300w, https:\/\/revistazetta.com\/wp-content\/uploads\/2016\/06\/MC1-234x146.jpg 234w, https:\/\/revistazetta.com\/wp-content\/uploads\/2016\/06\/MC1-50x31.jpg 50w, https:\/\/revistazetta.com\/wp-content\/uploads\/2016\/06\/MC1-120x75.jpg 120w, https:\/\/revistazetta.com\/wp-content\/uploads\/2016\/06\/MC1.jpg 808w\" sizes=\"auto, (max-width: 300px) 100vw, 300px\" \/><br \/>\nPor su parte La Gestora Social del Distrito, l\u00edder de este proceso resalt\u00f3 que estas iniciativas favorecen el desarrollo de dos pa\u00edses hispanos, sobre todo a sus poblaciones m\u00e1s vulnerables. Al mismo tiempo S\u00e1nchez de Duque anuncio que como primera acci\u00f3n de este hermanamiento, el gobierno de Iztacalco traer\u00e1 a 60 ni\u00f1os que obtengan promedio de diez provenientes de  escuelas p\u00fablicas de la delegaci\u00f3n, en el marco del programa  \u201cLos m\u00e1s brillantes\u201d una motivaci\u00f3n para el desarrollo educativo de los ni\u00f1os. Tambi\u00e9n informo que otro objetivo es lograr paquetes comerciales  que incluyan buenos precios para viajar de M\u00e9xico a Colombia y desde Cartagena al Distrito Federal.<\/p>\n<p>El Alcalde Mayor, resalto la firma de este Hermanamiento catalogando  esta oficializaci\u00f3n como paso importante para este gobierno.  De igual forma agradeci\u00f3 la confianza del gobierno de la ciudad de Acapulco quienes representados por  La Presidenta del patronato municipal (Primera Dama) Perla Mart\u00ednez de Vel\u00e1squez, manifestaron su inter\u00e9s en la b\u00fasqueda del hermanamiento con Cartagena,  teniendo como principal inter\u00e9s el desarrollo tur\u00edstico y portuario.<\/p>\n<p>El Mandatario local en compa\u00f1\u00eda de su esposa, dieron apertura a las mesas de trabajo con el pa\u00eds Centro Americano, asistieron tambi\u00e9n dependencias distritales tales como, Cooperaci\u00f3n Internacional, Secretaria del Interior, Secretaria de Educaci\u00f3n, Secretaria de Participaci\u00f3n, Corporaci\u00f3n de Turismo e Invest In Cartagena.  <\/p>\n<p>Al finalizar las mesas se confirmaron adem\u00e1s del viaje de los estudiantes brillantes,  la cooperaci\u00f3n t\u00e9cnica para pol\u00edtica p\u00fablica de Primera Infancia con Iztacalco. Por su parte Acapulco  garantizo intercambio cultural para las festividades de Nao de China en esa ciudad y  su visita para las fiestas de independencia del 11 de noviembre<\/p>\n","protected":false},"excerpt":{"rendered":"<p>Hoy se efectu\u00f3 la firma del hermanamiento entre Distrito Federal Iztacalco M\u00e9xico y Cartagena. Los dos gobiernos iniciaron desde hoy mesas de trabajo para dar acciones r\u00e1pidas a intercambios en materia de turismo, educaci\u00f3n y seguridad. Este proceso binacional, fue posible gracias a la gesti\u00f3n de la Primera Dama del Distrito, Viviana S\u00e1nchez de Duque, quien conoci\u00f3 el inter\u00e9s del gobierno azteca de trabajar mancomunadamente con Colombia, logrando la uni\u00f3n a trav\u00e9s de la fundaci\u00f3n FIPACOL y la oficina de cooperaci\u00f3n internacional de la Alcald\u00eda. Hasta el despacho del Alcalde&#8230; <\/p>\n","protected":false},"author":3,"featured_media":13979,"comment_status":"open","ping_status":"closed","sticky":false,"template":"","format":"standard","meta":{"footnotes":"","_links_to":"","_links_to_target":""},"categories":[32],"tags":[],"class_list":["post-13972","post","type-post","status-publish","format-standard","has-post-thumbnail","hentry","category-actualidad-distrito"],"_links":{"self":[{"href":"https:\/\/revistazetta.com\/index.php?rest_route=\/wp\/v2\/posts\/13972","targetHints":{"allow":["GET"]}}],"collection":[{"href":"https:\/\/revistazetta.com\/index.php?rest_route=\/wp\/v2\/posts"}],"about":[{"href":"https:\/\/revistazetta.com\/index.php?rest_route=\/wp\/v2\/types\/post"}],"author":[{"embeddable":true,"href":"https:\/\/revistazetta.com\/index.php?rest_route=\/wp\/v2\/users\/3"}],"replies":[{"embeddable":true,"href":"https:\/\/revistazetta.com\/index.php?rest_route=%2Fwp%2Fv2%2Fcomments&post=13972"}],"version-history":[{"count":0,"href":"https:\/\/revistazetta.com\/index.php?rest_route=\/wp\/v2\/posts\/13972\/revisions"}],"wp:featuredmedia":[{"embeddable":true,"href":"https:\/\/revistazetta.com\/index.php?rest_route=\/wp\/v2\/media\/13979"}],"wp:attachment":[{"href":"https:\/\/revistazetta.com\/index.php?rest_route=%2Fwp%2Fv2%2Fmedia&parent=13972"}],"wp:term":[{"taxonomy":"category","embeddable":true,"href":"https:\/\/revistazetta.com\/index.php?rest_route=%2Fwp%2Fv2%2Fcategories&post=13972"},{"taxonomy":"post_tag","embeddable":true,"href":"https:\/\/revistazetta.com\/index.php?rest_route=%2Fwp%2Fv2%2Ftags&post=13972"}],"curies":[{"name":"wp","href":"https:\/\/api.w.org\/{rel}","templated":true}]}}