{"id":13973,"date":"2016-06-21T14:30:30","date_gmt":"2016-06-21T19:30:30","guid":{"rendered":"http:\/\/www.revistazetta.com\/?p=13973"},"modified":"2016-06-21T16:32:11","modified_gmt":"2016-06-21T21:32:11","slug":"consejo-seguridad-tierrabomba-tomar-medidas-la-delincuencia","status":"publish","type":"post","link":"https:\/\/revistazetta.com\/?p=13973","title":{"rendered":"Consejo de seguridad en Tierrabomba para tomar medidas contra la delincuencia"},"content":{"rendered":"<p>A ra\u00edz de la reciente manifestaci\u00f3n de los nativos de la Isla de Tierra Bomba, zona insular de Cartagena, por el incremento de venta de alucin\u00f3genos, crecimiento de extorsi\u00f3n y dem\u00e1s problemas de inseguridad que sufre esta comunidad, el alcalde Manuel Vicente Duque lleg\u00f3  este martes con su equipo de gobierno hasta la poblaci\u00f3n para tomar medidas que permitan recuperar el orden p\u00fablico y posteriormente la tranquilidad de los tierrabomberos.<\/p>\n<p><img loading=\"lazy\" decoding=\"async\" src=\"https:\/\/www.revistazetta.com\/wp-content\/uploads\/2016\/06\/TB3-300x188.jpg\" alt=\"TB3\" width=\"300\" height=\"188\" class=\"alignleft size-medium wp-image-13987\" srcset=\"https:\/\/revistazetta.com\/wp-content\/uploads\/2016\/06\/TB3-300x188.jpg 300w, https:\/\/revistazetta.com\/wp-content\/uploads\/2016\/06\/TB3-234x146.jpg 234w, https:\/\/revistazetta.com\/wp-content\/uploads\/2016\/06\/TB3-50x31.jpg 50w, https:\/\/revistazetta.com\/wp-content\/uploads\/2016\/06\/TB3-120x75.jpg 120w, https:\/\/revistazetta.com\/wp-content\/uploads\/2016\/06\/TB3.jpg 808w\" sizes=\"auto, (max-width: 300px) 100vw, 300px\" \/><\/p>\n<p><img loading=\"lazy\" decoding=\"async\" src=\"https:\/\/www.revistazetta.com\/wp-content\/uploads\/2016\/06\/TB1-300x188.jpg\" alt=\"TB1\" width=\"300\" height=\"188\" class=\"alignleft size-medium wp-image-13986\" srcset=\"https:\/\/revistazetta.com\/wp-content\/uploads\/2016\/06\/TB1-300x188.jpg 300w, https:\/\/revistazetta.com\/wp-content\/uploads\/2016\/06\/TB1-234x146.jpg 234w, https:\/\/revistazetta.com\/wp-content\/uploads\/2016\/06\/TB1-50x31.jpg 50w, https:\/\/revistazetta.com\/wp-content\/uploads\/2016\/06\/TB1-120x75.jpg 120w, https:\/\/revistazetta.com\/wp-content\/uploads\/2016\/06\/TB1.jpg 808w\" sizes=\"auto, (max-width: 300px) 100vw, 300px\" \/><\/p>\n<p><img loading=\"lazy\" decoding=\"async\" src=\"https:\/\/www.revistazetta.com\/wp-content\/uploads\/2016\/06\/TB-300x188.jpg\" alt=\"TB\" width=\"300\" height=\"188\" class=\"alignleft size-medium wp-image-13985\" srcset=\"https:\/\/revistazetta.com\/wp-content\/uploads\/2016\/06\/TB-300x188.jpg 300w, https:\/\/revistazetta.com\/wp-content\/uploads\/2016\/06\/TB-234x146.jpg 234w, https:\/\/revistazetta.com\/wp-content\/uploads\/2016\/06\/TB-50x31.jpg 50w, https:\/\/revistazetta.com\/wp-content\/uploads\/2016\/06\/TB-120x75.jpg 120w, https:\/\/revistazetta.com\/wp-content\/uploads\/2016\/06\/TB.jpg 808w\" sizes=\"auto, (max-width: 300px) 100vw, 300px\" \/><\/p>\n<p>\u201cNo podemos ser indiferentes y hemos tomado la decisi\u00f3n junto con la Polic\u00eda y dem\u00e1s dependencias del distrito desarrollar unas estrategias que empezar\u00e1n a verse en los pr\u00f3ximos d\u00edas. Aqu\u00ed no hay misterio, todas las personas se conocen y no podemos dejar que la sociedad haga lo que quiere y no se tengan reglas claras\u201d, expres\u00f3 el mandatario.<\/p>\n<p><strong>Las medidas<\/strong><\/p>\n<p>El Alcalde Duque fue enf\u00e1tico en que en Tierra Bomba es la misma comunidad la que debe trabajar de la mano con las autoridades para detener problemas como la venta de droga que est\u00e1 afectando especialmente a los menores de edad.<br \/>\n\u201cVamos a entrar a judicializar a los que est\u00e9n vendiendo droga, haremos operativos permanentes. Hoy mismo creamos una comisi\u00f3n con la Sijin, Sipol, Armada Nacional y dem\u00e1s cuerpos de inteligencia para dar resultados lo m\u00e1s pronto posible y salvaguardar la honra de la gente\u201d, dijo, agregando que a trav\u00e9s del Departamento Administrativo de Salud (Dadis) se intervendr\u00e1 de inmediato a las familias y j\u00f3venes que est\u00e1n siendo afectados por el consumo de estupefacientes.<\/p>\n<p>Por  su parte Fernando Ni\u00f1o Mendoza, Secretario del Interior y Convivencia Ciudadana, afirm\u00f3 que actualmente la isla cuenta con una unidad de uniformados (seis polic\u00edas), pero en los pr\u00f3ximos d\u00edas se aumentar\u00e1 a dos m\u00e1s, es decir, la poblaci\u00f3n contar\u00e1 con 18 polic\u00edas. De igual forma se les har\u00e1 entrega de dos motocicletas y por parte de Distriseguridad se crear\u00e1 un frente de seguridad el cual permitir\u00e1 el contacto directo de la comunidad con la autoridad.<\/p>\n<p>\u201cHaremos control a los establecimientos, que no se permita el ingreso de menores de edad, control las embarcaciones y a los extranjeros que lleguen a la isla.La idea es que el cuadrante que verifica Punta Arena y Playa Linda apoye a Tierra Bomba, en especial en la \u00e9poca de vacaciones que se avecina\u201d, afirm\u00f3 Ni\u00f1o Mendoza.<\/p>\n<p>El funcionario  a\u00f1adi\u00f3 que actualmente la Secretar\u00eda del Interior permite el desarrollo de bailes con maquinas picoteras una vez al mes en cada corregimiento de Cartagena, sin embargo, por solicitud de los mismos habitantes de Tierra Bomba, dichos bailes se har\u00e1n una vez cada cuatro meses.<\/p>\n<p><strong>Control a motos y jornada de registros<\/strong><\/p>\n<p>El concejo de seguridad tambi\u00e9n sirvi\u00f3 de escenario para el anuncio de controles por parte del Departamento Administrativo de Tr\u00e1nsito y Transporte (DATT) a las motocicletas que se movilizan en la isla.  Seg\u00fan Edilberto Mendoza, director de la entidad, se har\u00e1n jornadas pedag\u00f3gicas para que los nativos sean m\u00e1s precavidos al momento de conducir. Para el mes de agosto el Plan de Emergencia Social Pedro Romero (PES) llegar\u00e1 nuevamente a la zona con su oferta de salud, registro y atenci\u00f3n familiar. Finalmente la Secretar\u00eda de Infraestructura realizar\u00e1 una reuni\u00f3n extraordinaria con la Dimar, Cardique y los habitantes para dejar los puntos claros sobre el proyecto de protecci\u00f3n costera.<\/p>\n","protected":false},"excerpt":{"rendered":"<p>A ra\u00edz de la reciente manifestaci\u00f3n de los nativos de la Isla de Tierra Bomba, zona insular de Cartagena, por el incremento de venta de alucin\u00f3genos, crecimiento de extorsi\u00f3n y dem\u00e1s problemas de inseguridad que sufre esta comunidad, el alcalde Manuel Vicente Duque lleg\u00f3 este martes con su equipo de gobierno hasta la poblaci\u00f3n para tomar medidas que permitan recuperar el orden p\u00fablico y posteriormente la tranquilidad de los tierrabomberos. \u201cNo podemos ser indiferentes y hemos tomado la decisi\u00f3n junto con la Polic\u00eda y dem\u00e1s dependencias del distrito desarrollar unas&#8230; <\/p>\n","protected":false},"author":3,"featured_media":13988,"comment_status":"open","ping_status":"closed","sticky":false,"template":"","format":"standard","meta":{"footnotes":"","_links_to":"","_links_to_target":""},"categories":[32],"tags":[],"class_list":["post-13973","post","type-post","status-publish","format-standard","has-post-thumbnail","hentry","category-actualidad-distrito"],"_links":{"self":[{"href":"https:\/\/revistazetta.com\/index.php?rest_route=\/wp\/v2\/posts\/13973","targetHints":{"allow":["GET"]}}],"collection":[{"href":"https:\/\/revistazetta.com\/index.php?rest_route=\/wp\/v2\/posts"}],"about":[{"href":"https:\/\/revistazetta.com\/index.php?rest_route=\/wp\/v2\/types\/post"}],"author":[{"embeddable":true,"href":"https:\/\/revistazetta.com\/index.php?rest_route=\/wp\/v2\/users\/3"}],"replies":[{"embeddable":true,"href":"https:\/\/revistazetta.com\/index.php?rest_route=%2Fwp%2Fv2%2Fcomments&post=13973"}],"version-history":[{"count":0,"href":"https:\/\/revistazetta.com\/index.php?rest_route=\/wp\/v2\/posts\/13973\/revisions"}],"wp:featuredmedia":[{"embeddable":true,"href":"https:\/\/revistazetta.com\/index.php?rest_route=\/wp\/v2\/media\/13988"}],"wp:attachment":[{"href":"https:\/\/revistazetta.com\/index.php?rest_route=%2Fwp%2Fv2%2Fmedia&parent=13973"}],"wp:term":[{"taxonomy":"category","embeddable":true,"href":"https:\/\/revistazetta.com\/index.php?rest_route=%2Fwp%2Fv2%2Fcategories&post=13973"},{"taxonomy":"post_tag","embeddable":true,"href":"https:\/\/revistazetta.com\/index.php?rest_route=%2Fwp%2Fv2%2Ftags&post=13973"}],"curies":[{"name":"wp","href":"https:\/\/api.w.org\/{rel}","templated":true}]}}