{"id":13975,"date":"2016-06-21T14:43:43","date_gmt":"2016-06-21T19:43:43","guid":{"rendered":"http:\/\/www.revistazetta.com\/?p=13975"},"modified":"2016-06-21T16:29:46","modified_gmt":"2016-06-21T21:29:46","slug":"ipcc-invita-la-presentacion-obra-memorias-vivas-teatro-adolfo-mejia","status":"publish","type":"post","link":"https:\/\/revistazetta.com\/?p=13975","title":{"rendered":"Ipcc invita a la presentaci\u00f3n de obra de \u201cMemorias Vivas\u201d en el teatro Adolfo Mej\u00eda"},"content":{"rendered":"<p>La Corporaci\u00f3n Caribe Afirmativo invita a la presentaci\u00f3n de la Obra de \u00abMemorias vivas\u00bb en el Teatro Adolfo Mej\u00eda, el d\u00eda 23 de junio a las 6:00 pm, que cuenta con el apoyo del Instituto de Patrimonio y Cultura de Cartagena (IPCC).<\/p>\n<p>Esta obra est\u00e1 basada en el informe: \u201cAniquilar la diferencia lesbianas, gays, bisexuales y transgeneristas en el marco del conflicto armado colombiano\u201d, realizado por el Centro Nacional de Memoria Hist\u00f3rica en el que se recogen los testimonios de los horrores de la guerra y las fuerzas de las resistencias de muchos y muchas valientes que en diferentes regiones de Colombia, han dado voz a sus historias.<\/p>\n<p>La obra es una creaci\u00f3n teatral realizada por Mujeres al Borde, que recorre los recuerdos de tres mujeres que han sobrevivido al conflicto armado en Colombia, abraza sus heridas, desentra\u00f1a las l\u00f3gicas con las que los actores armados han violentado sus cuerpos, sus deseos, su vida misma por su disidencia sexual y de g\u00e9nero.<\/p>\n<p>Las memorias siguen intactas y vienen a ser contadas, compartidas, dibujadas en cada escena, Coral, Eliza y Silvia nos llevaran de la mano a los lugares en los que la sobrevivencia, las luchas, los amores, las amistades indisolubles y las resistencias se tejen y con ellas se ahuyenta el olvido y se dignifica la memoria como lugar de resistencia.<\/p>\n<p>El conflicto armado interno ha significado un escenario de violencias hacia las personas con orientaciones sexuales e identidades de g\u00e9nero diversas y dar a conocer de manera art\u00edstica y a trav\u00e9s de expresiones culturales, se convierte en una herramienta para la construcci\u00f3n de paz, convivencia pac\u00edfica de todos y todas.<\/p>\n","protected":false},"excerpt":{"rendered":"<p>La Corporaci\u00f3n Caribe Afirmativo invita a la presentaci\u00f3n de la Obra de \u00abMemorias vivas\u00bb en el Teatro Adolfo Mej\u00eda, el d\u00eda 23 de junio a las 6:00 pm, que cuenta con el apoyo del Instituto de Patrimonio y Cultura de Cartagena (IPCC). Esta obra est\u00e1 basada en el informe: \u201cAniquilar la diferencia lesbianas, gays, bisexuales y transgeneristas en el marco del conflicto armado colombiano\u201d, realizado por el Centro Nacional de Memoria Hist\u00f3rica en el que se recogen los testimonios de los horrores de la guerra y las fuerzas de las&#8230; <\/p>\n","protected":false},"author":3,"featured_media":0,"comment_status":"open","ping_status":"closed","sticky":false,"template":"","format":"standard","meta":{"footnotes":"","_links_to":"","_links_to_target":""},"categories":[41],"tags":[],"class_list":["post-13975","post","type-post","status-publish","format-standard","hentry","category-cultura"],"_links":{"self":[{"href":"https:\/\/revistazetta.com\/index.php?rest_route=\/wp\/v2\/posts\/13975","targetHints":{"allow":["GET"]}}],"collection":[{"href":"https:\/\/revistazetta.com\/index.php?rest_route=\/wp\/v2\/posts"}],"about":[{"href":"https:\/\/revistazetta.com\/index.php?rest_route=\/wp\/v2\/types\/post"}],"author":[{"embeddable":true,"href":"https:\/\/revistazetta.com\/index.php?rest_route=\/wp\/v2\/users\/3"}],"replies":[{"embeddable":true,"href":"https:\/\/revistazetta.com\/index.php?rest_route=%2Fwp%2Fv2%2Fcomments&post=13975"}],"version-history":[{"count":0,"href":"https:\/\/revistazetta.com\/index.php?rest_route=\/wp\/v2\/posts\/13975\/revisions"}],"wp:attachment":[{"href":"https:\/\/revistazetta.com\/index.php?rest_route=%2Fwp%2Fv2%2Fmedia&parent=13975"}],"wp:term":[{"taxonomy":"category","embeddable":true,"href":"https:\/\/revistazetta.com\/index.php?rest_route=%2Fwp%2Fv2%2Fcategories&post=13975"},{"taxonomy":"post_tag","embeddable":true,"href":"https:\/\/revistazetta.com\/index.php?rest_route=%2Fwp%2Fv2%2Ftags&post=13975"}],"curies":[{"name":"wp","href":"https:\/\/api.w.org\/{rel}","templated":true}]}}