{"id":13976,"date":"2016-06-21T15:15:39","date_gmt":"2016-06-21T20:15:39","guid":{"rendered":"http:\/\/www.revistazetta.com\/?p=13976"},"modified":"2016-06-21T16:29:17","modified_gmt":"2016-06-21T21:29:17","slug":"inicia-proceso-legalizacion-bines-barrio-nelson-mandela","status":"publish","type":"post","link":"https:\/\/revistazetta.com\/?p=13976","title":{"rendered":"Inicia proceso de legalizaci\u00f3n de bienes en Nelson Mandela"},"content":{"rendered":"<p>Con el prop\u00f3sito de iniciar el proceso de legalizaci\u00f3n de bines en el Barrio Nelson Mandela Corvivienda realizar\u00e1 este jueves 23 de junio, una jornada de recolecci\u00f3n de documentos desde las 8 de la ma\u00f1ana y hasta las 12M.<\/p>\n<p>El objetivo es agilizar los tr\u00e1mites para que los predios est\u00e9n escriturados y registrados con el nombre de quienes durante a\u00f1os han habitado, en este barrio.<\/p>\n<p>Asegura el gerente de Corvivienda, William Garc\u00eda Tirado que junto con el Instituto Geogr\u00e1fico Agust\u00edn Codazzi se ha realizado las visitas, para obtener la documentaci\u00f3n que por ley se requiere, pero los miembros de la familia en su mayor\u00eda no se les ha  encontrado en sus viviendas.<\/p>\n<p>\u201cEs importante que las personas est\u00e9n en sus viviendas para que nos entreguen la informaci\u00f3n necesaria. Si nos entregan el jueves los documentos requeridos, con seguridad antes del mes de agosto estaremos entreg\u00e1ndole los t\u00edtulos que los acreditan como propietarios de sus predios\u201d enfatiza el gerente.<\/p>\n<p>REQUISITOS<br \/>\n1.\tMinuta de posesi\u00f3n o declaraci\u00f3n extrajuicio<br \/>\n2.\tCertificado de vecindad<br \/>\n3.\tRecibos de servicios p\u00fablicos<br \/>\n4.\tRecibo de catastro o predial<br \/>\n5.\tFotocopia de la cedula de ciudadan\u00eda<\/p>\n","protected":false},"excerpt":{"rendered":"<p>Con el prop\u00f3sito de iniciar el proceso de legalizaci\u00f3n de bines en el Barrio Nelson Mandela Corvivienda realizar\u00e1 este jueves 23 de junio, una jornada de recolecci\u00f3n de documentos desde las 8 de la ma\u00f1ana y hasta las 12M. El objetivo es agilizar los tr\u00e1mites para que los predios est\u00e9n escriturados y registrados con el nombre de quienes durante a\u00f1os han habitado, en este barrio. Asegura el gerente de Corvivienda, William Garc\u00eda Tirado que junto con el Instituto Geogr\u00e1fico Agust\u00edn Codazzi se ha realizado las visitas, para obtener la documentaci\u00f3n&#8230; <\/p>\n","protected":false},"author":3,"featured_media":0,"comment_status":"open","ping_status":"closed","sticky":false,"template":"","format":"standard","meta":{"footnotes":"","_links_to":"","_links_to_target":""},"categories":[32],"tags":[],"class_list":["post-13976","post","type-post","status-publish","format-standard","hentry","category-actualidad-distrito"],"_links":{"self":[{"href":"https:\/\/revistazetta.com\/index.php?rest_route=\/wp\/v2\/posts\/13976","targetHints":{"allow":["GET"]}}],"collection":[{"href":"https:\/\/revistazetta.com\/index.php?rest_route=\/wp\/v2\/posts"}],"about":[{"href":"https:\/\/revistazetta.com\/index.php?rest_route=\/wp\/v2\/types\/post"}],"author":[{"embeddable":true,"href":"https:\/\/revistazetta.com\/index.php?rest_route=\/wp\/v2\/users\/3"}],"replies":[{"embeddable":true,"href":"https:\/\/revistazetta.com\/index.php?rest_route=%2Fwp%2Fv2%2Fcomments&post=13976"}],"version-history":[{"count":0,"href":"https:\/\/revistazetta.com\/index.php?rest_route=\/wp\/v2\/posts\/13976\/revisions"}],"wp:attachment":[{"href":"https:\/\/revistazetta.com\/index.php?rest_route=%2Fwp%2Fv2%2Fmedia&parent=13976"}],"wp:term":[{"taxonomy":"category","embeddable":true,"href":"https:\/\/revistazetta.com\/index.php?rest_route=%2Fwp%2Fv2%2Fcategories&post=13976"},{"taxonomy":"post_tag","embeddable":true,"href":"https:\/\/revistazetta.com\/index.php?rest_route=%2Fwp%2Fv2%2Ftags&post=13976"}],"curies":[{"name":"wp","href":"https:\/\/api.w.org\/{rel}","templated":true}]}}