{"id":13978,"date":"2016-06-21T16:27:26","date_gmt":"2016-06-21T21:27:26","guid":{"rendered":"http:\/\/www.revistazetta.com\/?p=13978"},"modified":"2016-06-21T16:27:26","modified_gmt":"2016-06-21T21:27:26","slug":"cementerios-distritales-control-politico-concejo-cartagena","status":"publish","type":"post","link":"https:\/\/revistazetta.com\/?p=13978","title":{"rendered":"Cementerios Distritales, a control pol\u00edtico en el Concejo de Cartagena"},"content":{"rendered":"<p>Por lo que parece ser una supuesta falta de gesti\u00f3n institucional por parte de los encargados de los cementerios distritales, que los han llevado a una franca decadencia y marcado deterioro, el concejal Erich Pi\u00f1a F\u00e9liz present\u00f3 una proposici\u00f3n en el Concejo de Cartagena para garantizar la higiene, una adecuada ubicaci\u00f3n y una infraestructura pertinente para estos sitios en la ciudad, de acuerdo a la normatividad existentes.<\/p>\n<p>As\u00ed lo expres\u00f3 el concejal a trav\u00e9s de una proposici\u00f3n que apoyan las bancadas Liberal, Opci\u00f3n Ciudadana y Partido Verde.<\/p>\n<p>Seg\u00fan lo expresa en su proposici\u00f3n el concejal, los cementerios distritales son considerados un servicio p\u00fablico, dirigido a sectores de la poblaci\u00f3n que muchas veces no tienen acceso a este por sus altos costos, adem\u00e1s del riesgo de convertirse en un asunto de salud p\u00fablica y\/o saneamiento ambiental.<\/p>\n<p>Para conocer y evaluar los servicios prestados por los cementerios, si cumplen o no con los requisitos sanitarios y ambientales, con las normas urban\u00edsticas que regulan la construcci\u00f3n y operaci\u00f3n de los mismos; el concejal Pi\u00f1a F\u00e9liz cit\u00f3 para el pr\u00f3ximo 21 de julio, en la corporaci\u00f3n a las 8:30 am, al Secretario de Planeaci\u00f3n, Secretario de Infraestructura, directora del Dadis, directora del IPCC y a la directora de Servicios P\u00fablicos para que respondan un cuestionario relacionado con la injerencia de sus dependencias con los Cementerios Distritales.<\/p>\n","protected":false},"excerpt":{"rendered":"<p>Por lo que parece ser una supuesta falta de gesti\u00f3n institucional por parte de los encargados de los cementerios distritales, que los han llevado a una franca decadencia y marcado deterioro, el concejal Erich Pi\u00f1a F\u00e9liz present\u00f3 una proposici\u00f3n en el Concejo de Cartagena para garantizar la higiene, una adecuada ubicaci\u00f3n y una infraestructura pertinente para estos sitios en la ciudad, de acuerdo a la normatividad existentes. As\u00ed lo expres\u00f3 el concejal a trav\u00e9s de una proposici\u00f3n que apoyan las bancadas Liberal, Opci\u00f3n Ciudadana y Partido Verde. Seg\u00fan lo expresa&#8230; <\/p>\n","protected":false},"author":3,"featured_media":0,"comment_status":"open","ping_status":"closed","sticky":false,"template":"","format":"standard","meta":{"footnotes":"","_links_to":"","_links_to_target":""},"categories":[4,27],"tags":[],"class_list":["post-13978","post","type-post","status-publish","format-standard","hentry","category-politica","category-politicaconcejo"],"_links":{"self":[{"href":"https:\/\/revistazetta.com\/index.php?rest_route=\/wp\/v2\/posts\/13978","targetHints":{"allow":["GET"]}}],"collection":[{"href":"https:\/\/revistazetta.com\/index.php?rest_route=\/wp\/v2\/posts"}],"about":[{"href":"https:\/\/revistazetta.com\/index.php?rest_route=\/wp\/v2\/types\/post"}],"author":[{"embeddable":true,"href":"https:\/\/revistazetta.com\/index.php?rest_route=\/wp\/v2\/users\/3"}],"replies":[{"embeddable":true,"href":"https:\/\/revistazetta.com\/index.php?rest_route=%2Fwp%2Fv2%2Fcomments&post=13978"}],"version-history":[{"count":0,"href":"https:\/\/revistazetta.com\/index.php?rest_route=\/wp\/v2\/posts\/13978\/revisions"}],"wp:attachment":[{"href":"https:\/\/revistazetta.com\/index.php?rest_route=%2Fwp%2Fv2%2Fmedia&parent=13978"}],"wp:term":[{"taxonomy":"category","embeddable":true,"href":"https:\/\/revistazetta.com\/index.php?rest_route=%2Fwp%2Fv2%2Fcategories&post=13978"},{"taxonomy":"post_tag","embeddable":true,"href":"https:\/\/revistazetta.com\/index.php?rest_route=%2Fwp%2Fv2%2Ftags&post=13978"}],"curies":[{"name":"wp","href":"https:\/\/api.w.org\/{rel}","templated":true}]}}