{"id":13989,"date":"2016-06-22T05:49:27","date_gmt":"2016-06-22T10:49:27","guid":{"rendered":"http:\/\/www.revistazetta.com\/?p=13989"},"modified":"2016-06-22T05:53:31","modified_gmt":"2016-06-22T10:53:31","slug":"se-plantean-posibles-fuentes-recursos-enfrentar-crisis-la-salud","status":"publish","type":"post","link":"https:\/\/revistazetta.com\/?p=13989","title":{"rendered":"Se plantean posibles fuentes de recursos para enfrentar crisis en la salud"},"content":{"rendered":"<p>En la Federaci\u00f3n Nacional de Departamentos se reunieron desde las 8 de la ma\u00f1ana de ayer en la ciudad de Bogot\u00e1, ministros, senadores, gobernadores y expertos, para analizar la situaci\u00f3n de sostenibilidad del sector salud, revisar propuestas de modificaci\u00f3n y\/o generaci\u00f3n de nuevas rentas  y buscar soluciones a los problemas coyunturales de deuda acumulada.<\/p>\n<p>Durante \u201cel Foro de salud de los gobernadores 2016\u201d se discuti\u00f3 sobre posibles fuentes de recursos para la salud a nivel nacional y departamental, impuestos saludables, como los impuestos a las bebidas azucaradas y la reforma del impuesto al tabaco, r\u00e9gimen subsidiado a cargo de los entes territoriales, la situaci\u00f3n financiera los hospitales p\u00fablicos, entre otros.<\/p>\n<p>Los gobernadores del pa\u00eds manifestaron la necesidad de crear y\/o reformar las rentas e impuestos destinados a la salud, dentro de la reforma tributaria estructural, y respaldaron las actuaciones del Ministro de Salud, Alejandro Gaviria, frente al manejo de su ministerio.<br \/>\n <img loading=\"lazy\" decoding=\"async\" src=\"https:\/\/www.revistazetta.com\/wp-content\/uploads\/2016\/06\/foro2016-300x187.jpg\" alt=\"foro2016\" width=\"300\" height=\"187\" class=\"alignleft size-medium wp-image-13990\" srcset=\"https:\/\/revistazetta.com\/wp-content\/uploads\/2016\/06\/foro2016-300x187.jpg 300w, https:\/\/revistazetta.com\/wp-content\/uploads\/2016\/06\/foro2016-234x146.jpg 234w, https:\/\/revistazetta.com\/wp-content\/uploads\/2016\/06\/foro2016-50x31.jpg 50w, https:\/\/revistazetta.com\/wp-content\/uploads\/2016\/06\/foro2016-120x75.jpg 120w, https:\/\/revistazetta.com\/wp-content\/uploads\/2016\/06\/foro2016.jpg 570w\" sizes=\"auto, (max-width: 300px) 100vw, 300px\" \/><\/p>\n<p><img loading=\"lazy\" decoding=\"async\" src=\"https:\/\/www.revistazetta.com\/wp-content\/uploads\/2016\/06\/foro20162-300x187.jpg\" alt=\"foro20162\" width=\"300\" height=\"187\" class=\"alignleft size-medium wp-image-13991\" srcset=\"https:\/\/revistazetta.com\/wp-content\/uploads\/2016\/06\/foro20162-300x187.jpg 300w, https:\/\/revistazetta.com\/wp-content\/uploads\/2016\/06\/foro20162-234x146.jpg 234w, https:\/\/revistazetta.com\/wp-content\/uploads\/2016\/06\/foro20162-50x31.jpg 50w, https:\/\/revistazetta.com\/wp-content\/uploads\/2016\/06\/foro20162-120x75.jpg 120w, https:\/\/revistazetta.com\/wp-content\/uploads\/2016\/06\/foro20162.jpg 570w\" sizes=\"auto, (max-width: 300px) 100vw, 300px\" \/><\/p>\n<p>Por su parte, el gobernador de Bol\u00edvar, Dumek Turbay, frente a la crisis de saluda nivel nacional y territorial expres\u00f3 que \u201clas decisiones, los procesos y los proyectos terminan todos frente a la necesidad de buscar fuentes de recursos que puedan cubrir no solamente la crisis de salud, sino las responsabilidades que se nos han asignado y que no tienen una fuente de recursos que pueda respaldarla, por eso lo que estamos diciendo es: \u00bfde d\u00f3nde van a salir los recursos?\u201d<\/p>\n<p>El mandatario bolivarense tambi\u00e9n agradeci\u00f3 al Ministro de Salud pero dej\u00f3 ver su preocupaci\u00f3n por la desfinanciaci\u00f3n del sistema: \u201csolo tenemos agradecimientos con el Ministro quien ha sido responsable frente al manejo de su cartera pero los recursos  no aparecen y esa es la gran preocupaci\u00f3n\u201d.<\/p>\n<p>Por su parte el jefe de esa cartera, Alejandro Gaviria, dijo en respuesta al Gobernador que desde el Ministerio est\u00e1n adelantando, identificado y habilitando unas fuentes del orden territorial como regal\u00edas, excedentes de recursos, el loto en l\u00ednea, y el saneamiento de aportes patronales.<br \/>\n<img loading=\"lazy\" decoding=\"async\" src=\"https:\/\/www.revistazetta.com\/wp-content\/uploads\/2016\/06\/foro20163-300x187.jpg\" alt=\"foro20163\" width=\"300\" height=\"187\" class=\"alignleft size-medium wp-image-13992\" srcset=\"https:\/\/revistazetta.com\/wp-content\/uploads\/2016\/06\/foro20163-300x187.jpg 300w, https:\/\/revistazetta.com\/wp-content\/uploads\/2016\/06\/foro20163-234x146.jpg 234w, https:\/\/revistazetta.com\/wp-content\/uploads\/2016\/06\/foro20163-50x31.jpg 50w, https:\/\/revistazetta.com\/wp-content\/uploads\/2016\/06\/foro20163-120x75.jpg 120w, https:\/\/revistazetta.com\/wp-content\/uploads\/2016\/06\/foro20163.jpg 570w\" sizes=\"auto, (max-width: 300px) 100vw, 300px\" \/><\/p>\n<p>\u201cPor ejemplo en los departamentos hist\u00f3ricamente no se ejecutaron recursos del sistema general de participaciones de salud p\u00fablica. Lo que no se gastaron hace tres o cuatro a\u00f1os ya no se lo van a gastar, esos recursos est\u00e1n habilitados para usarlos para el pago de deudas no pos\u201d, explic\u00f3 el ministro.<\/p>\n<p>Al evento asistieron Dilian Francisca Toro, presidente de la Federaci\u00f3n Nacional de Departamentos; Amylkar Acosta, director ejecutivo de la FND, Alejandro Gaviria, ministro de Salud y Protecci\u00f3n Social; Carmen E. D\u00e1vila, viceministra de Protecci\u00f3n Social y el senador, Juan Carlos Restrepo, entre otros.<\/p>\n","protected":false},"excerpt":{"rendered":"<p>En la Federaci\u00f3n Nacional de Departamentos se reunieron desde las 8 de la ma\u00f1ana de ayer en la ciudad de Bogot\u00e1, ministros, senadores, gobernadores y expertos, para analizar la situaci\u00f3n de sostenibilidad del sector salud, revisar propuestas de modificaci\u00f3n y\/o generaci\u00f3n de nuevas rentas y buscar soluciones a los problemas coyunturales de deuda acumulada. Durante \u201cel Foro de salud de los gobernadores 2016\u201d se discuti\u00f3 sobre posibles fuentes de recursos para la salud a nivel nacional y departamental, impuestos saludables, como los impuestos a las bebidas azucaradas y la reforma&#8230; <\/p>\n","protected":false},"author":3,"featured_media":13994,"comment_status":"open","ping_status":"closed","sticky":false,"template":"","format":"standard","meta":{"footnotes":"","_links_to":"","_links_to_target":""},"categories":[33,75,26],"tags":[],"class_list":["post-13989","post","type-post","status-publish","format-standard","has-post-thumbnail","hentry","category-actualidad-bolivar","category-destacada","category-politica-noticias"],"_links":{"self":[{"href":"https:\/\/revistazetta.com\/index.php?rest_route=\/wp\/v2\/posts\/13989","targetHints":{"allow":["GET"]}}],"collection":[{"href":"https:\/\/revistazetta.com\/index.php?rest_route=\/wp\/v2\/posts"}],"about":[{"href":"https:\/\/revistazetta.com\/index.php?rest_route=\/wp\/v2\/types\/post"}],"author":[{"embeddable":true,"href":"https:\/\/revistazetta.com\/index.php?rest_route=\/wp\/v2\/users\/3"}],"replies":[{"embeddable":true,"href":"https:\/\/revistazetta.com\/index.php?rest_route=%2Fwp%2Fv2%2Fcomments&post=13989"}],"version-history":[{"count":0,"href":"https:\/\/revistazetta.com\/index.php?rest_route=\/wp\/v2\/posts\/13989\/revisions"}],"wp:featuredmedia":[{"embeddable":true,"href":"https:\/\/revistazetta.com\/index.php?rest_route=\/wp\/v2\/media\/13994"}],"wp:attachment":[{"href":"https:\/\/revistazetta.com\/index.php?rest_route=%2Fwp%2Fv2%2Fmedia&parent=13989"}],"wp:term":[{"taxonomy":"category","embeddable":true,"href":"https:\/\/revistazetta.com\/index.php?rest_route=%2Fwp%2Fv2%2Fcategories&post=13989"},{"taxonomy":"post_tag","embeddable":true,"href":"https:\/\/revistazetta.com\/index.php?rest_route=%2Fwp%2Fv2%2Ftags&post=13989"}],"curies":[{"name":"wp","href":"https:\/\/api.w.org\/{rel}","templated":true}]}}