{"id":13995,"date":"2016-06-22T06:09:44","date_gmt":"2016-06-22T11:09:44","guid":{"rendered":"http:\/\/www.revistazetta.com\/?p=13995"},"modified":"2016-06-22T06:09:44","modified_gmt":"2016-06-22T11:09:44","slug":"redvolucion-tecnologica-las-instituciones-educativas-bolivar","status":"publish","type":"post","link":"https:\/\/revistazetta.com\/?p=13995","title":{"rendered":"\u201cRedvoluci\u00f3n\u201d tecnol\u00f3gica en las instituciones educativas  de Bol\u00edvar"},"content":{"rendered":"<p>El secretario de Educaci\u00f3n de Bol\u00edvar, Manuel Antonio Azuero Angulo, se reuni\u00f3 con el coordinador del proyecto Redvoluci\u00f3n, del Ministerio Tecnolog\u00edas de la Informaci\u00f3n y las Comunicaciones (Min Tic), Marlio Sierra Monroy, para conocer de cerca la experiencia y bondades que ofrece el plan \u201cRedvoluci\u00f3n\u201d en aquellas comunidades que por diferentes razones no han ingresado a\u00fan al mundo digital.<\/p>\n<p>Redvoluci\u00f3n es una estrategia inscrita en el Plan Vive Digital, orientada a reducir la brecha digital expandiendo el conocimiento de las nuevas tecnolog\u00edas, espec\u00edficamente de Internet, \u201cla meta para el 2016 es impactar en 84 sedes educativas, favorecer a 1.684 estudiantes y 3.366 personas\u201d, indic\u00f3<br \/>\n<img loading=\"lazy\" decoding=\"async\" src=\"https:\/\/www.revistazetta.com\/wp-content\/uploads\/2016\/06\/redvolucion-300x187.jpg\" alt=\"redvolucion\" width=\"300\" height=\"187\" class=\"alignleft size-medium wp-image-13998\" srcset=\"https:\/\/revistazetta.com\/wp-content\/uploads\/2016\/06\/redvolucion-300x187.jpg 300w, https:\/\/revistazetta.com\/wp-content\/uploads\/2016\/06\/redvolucion-234x146.jpg 234w, https:\/\/revistazetta.com\/wp-content\/uploads\/2016\/06\/redvolucion-50x31.jpg 50w, https:\/\/revistazetta.com\/wp-content\/uploads\/2016\/06\/redvolucion-120x75.jpg 120w, https:\/\/revistazetta.com\/wp-content\/uploads\/2016\/06\/redvolucion.jpg 570w\" sizes=\"auto, (max-width: 300px) 100vw, 300px\" \/><\/p>\n<p>El alto funcionario,  present\u00f3 los avances del programa y lineamientos b\u00e1sicos para el a\u00f1o lectivo 2016, \u201chemos impactado positivamente en la fase de inducci\u00f3n a 845 estudiantes, de 57 sedes educativas, en 20 municipios del departamento\u201d, a\u00f1adi\u00f3.<br \/>\n<strong><br \/>\nServicio social<\/strong><\/p>\n<p>Azuero Angulo asegur\u00f3 que la iniciativa permite que los estudiantes de los grados 9\u00ba,10\u00ba y 11\u00ba garanticen su servicio social obligatorio, \u201clos estudiantes del \u201cBol\u00edvar S\u00ed Avanza\u201d que se consideren nativos digitales tienen la responsabilidad de poner a disposici\u00f3n de sus comunidades, todo el conocimiento que tienen sobre la red y sus m\u00faltiples posibilidades para mejorar su vida cotidiana\u201d, precis\u00f3, el funcionario.<\/p>\n<p><strong><br \/>\n\u201cBol\u00edvar S\u00ed Avanza\u201d le apuesta a reducir la brecha digital<\/strong><\/p>\n<p>Por su parte, Edgardo Ahumada Mu\u00f1oz, coordinador de la Unidad de Tecnolog\u00eda e inform\u00e1tica de la Secretar\u00eda de Educaci\u00f3n, asegur\u00f3 que la administraci\u00f3n del \u201cBol\u00edvar S\u00ed Avanza\u201d le apuesta para este cuatrienio a reducir la brecha digital en cada una de las escuelas oficiales del territorio, \u201cvamos a formar ciudadanos, docentes, funcionarios en apropiaci\u00f3n y uso de las Tics, bajo orientaciones acerca del buen uso y responsable de las tecnolog\u00edas de la informaci\u00f3n y garantizaremos una mayor cobertura de equipos tecnol\u00f3gicos en los procesos educativos\u201d, asever\u00f3, Ahumada Mu\u00f1oz.<\/p>\n<p>La idea es que los rectores, directivos, administrativos, estudiantes, comunidad y padres de familia participen de la estrategia para inspirar, promover y fortalecer la integraci\u00f3n entre los colegios y las necesidades y expectativas de la comunidad bolivarense.<\/p>\n","protected":false},"excerpt":{"rendered":"<p>El secretario de Educaci\u00f3n de Bol\u00edvar, Manuel Antonio Azuero Angulo, se reuni\u00f3 con el coordinador del proyecto Redvoluci\u00f3n, del Ministerio Tecnolog\u00edas de la Informaci\u00f3n y las Comunicaciones (Min Tic), Marlio Sierra Monroy, para conocer de cerca la experiencia y bondades que ofrece el plan \u201cRedvoluci\u00f3n\u201d en aquellas comunidades que por diferentes razones no han ingresado a\u00fan al mundo digital. Redvoluci\u00f3n es una estrategia inscrita en el Plan Vive Digital, orientada a reducir la brecha digital expandiendo el conocimiento de las nuevas tecnolog\u00edas, espec\u00edficamente de Internet, \u201cla meta para el 2016&#8230; <\/p>\n","protected":false},"author":3,"featured_media":13999,"comment_status":"open","ping_status":"closed","sticky":false,"template":"","format":"standard","meta":{"footnotes":"","_links_to":"","_links_to_target":""},"categories":[33,75],"tags":[],"class_list":["post-13995","post","type-post","status-publish","format-standard","has-post-thumbnail","hentry","category-actualidad-bolivar","category-destacada"],"_links":{"self":[{"href":"https:\/\/revistazetta.com\/index.php?rest_route=\/wp\/v2\/posts\/13995","targetHints":{"allow":["GET"]}}],"collection":[{"href":"https:\/\/revistazetta.com\/index.php?rest_route=\/wp\/v2\/posts"}],"about":[{"href":"https:\/\/revistazetta.com\/index.php?rest_route=\/wp\/v2\/types\/post"}],"author":[{"embeddable":true,"href":"https:\/\/revistazetta.com\/index.php?rest_route=\/wp\/v2\/users\/3"}],"replies":[{"embeddable":true,"href":"https:\/\/revistazetta.com\/index.php?rest_route=%2Fwp%2Fv2%2Fcomments&post=13995"}],"version-history":[{"count":0,"href":"https:\/\/revistazetta.com\/index.php?rest_route=\/wp\/v2\/posts\/13995\/revisions"}],"wp:featuredmedia":[{"embeddable":true,"href":"https:\/\/revistazetta.com\/index.php?rest_route=\/wp\/v2\/media\/13999"}],"wp:attachment":[{"href":"https:\/\/revistazetta.com\/index.php?rest_route=%2Fwp%2Fv2%2Fmedia&parent=13995"}],"wp:term":[{"taxonomy":"category","embeddable":true,"href":"https:\/\/revistazetta.com\/index.php?rest_route=%2Fwp%2Fv2%2Fcategories&post=13995"},{"taxonomy":"post_tag","embeddable":true,"href":"https:\/\/revistazetta.com\/index.php?rest_route=%2Fwp%2Fv2%2Ftags&post=13995"}],"curies":[{"name":"wp","href":"https:\/\/api.w.org\/{rel}","templated":true}]}}