{"id":14005,"date":"2016-06-22T06:36:51","date_gmt":"2016-06-22T11:36:51","guid":{"rendered":"http:\/\/www.revistazetta.com\/?p=14005"},"modified":"2016-06-22T06:36:51","modified_gmt":"2016-06-22T11:36:51","slug":"estrategia-corresponsabilidad-dinamizar-politica-publica-victimas-del-conflicto-armado","status":"publish","type":"post","link":"https:\/\/revistazetta.com\/?p=14005","title":{"rendered":"Estrategia de corresponsabilidad para dinamizar pol\u00edtica p\u00fablica de v\u00edctimas del conflicto armado"},"content":{"rendered":"<p>La Secretaria de V\u00edctimas y Derechos Humanos convoc\u00f3 a funcionarios de la Gobernaci\u00f3n de Bol\u00edvar que tocan el tema del conflicto armado, a la socializaci\u00f3n del Decreto 2460 de 2015 denominado Estrategia de Corresponsabilidad.<br \/>\n<img loading=\"lazy\" decoding=\"async\" src=\"https:\/\/www.revistazetta.com\/wp-content\/uploads\/2016\/06\/estrategia1-300x187.jpg\" alt=\"estrategia1\" width=\"300\" height=\"187\" class=\"alignleft size-medium wp-image-14007\" srcset=\"https:\/\/revistazetta.com\/wp-content\/uploads\/2016\/06\/estrategia1-300x187.jpg 300w, https:\/\/revistazetta.com\/wp-content\/uploads\/2016\/06\/estrategia1-234x146.jpg 234w, https:\/\/revistazetta.com\/wp-content\/uploads\/2016\/06\/estrategia1-50x31.jpg 50w, https:\/\/revistazetta.com\/wp-content\/uploads\/2016\/06\/estrategia1-120x75.jpg 120w, https:\/\/revistazetta.com\/wp-content\/uploads\/2016\/06\/estrategia1.jpg 570w\" sizes=\"auto, (max-width: 300px) 100vw, 300px\" \/><\/p>\n<p>Lo que se busca es  ajustar dicha estrategia al Plan de Desarrollo de Bol\u00edvar S\u00ed Avanza y a partir de ah\u00ed generar unas acciones, unos programas, unos proyectos y unos recursos dirigidos a la poblaci\u00f3n de v\u00edctimas en el Departamento de Bol\u00edvar.<\/p>\n<p>En la sesi\u00f3n particip\u00f3 Reineiro Asis Villalobo, Asesor de la Organizaci\u00f3n Internacional para Migraciones OIM, actualmente est\u00e1 apoyando el proceso de formulaci\u00f3n del Plan Territorial a V\u00edctimas de la Gobernaci\u00f3n el cual est\u00e1 relacionado con la socializaci\u00f3n del Decreto 2460 de 2015.<\/p>\n<p>Este decreto establece una serie de principios para que efectivamente se implemente esa estrategia en el territorio para dinamizar la pol\u00edtica p\u00fablica de v\u00edctimas  desde la gobernaci\u00f3n y dem\u00e1s entidades que consumen el sistema de atenci\u00f3n y reparaci\u00f3n a las v\u00edctimas.<\/p>\n","protected":false},"excerpt":{"rendered":"<p>La Secretaria de V\u00edctimas y Derechos Humanos convoc\u00f3 a funcionarios de la Gobernaci\u00f3n de Bol\u00edvar que tocan el tema del conflicto armado, a la socializaci\u00f3n del Decreto 2460 de 2015 denominado Estrategia de Corresponsabilidad. Lo que se busca es ajustar dicha estrategia al Plan de Desarrollo de Bol\u00edvar S\u00ed Avanza y a partir de ah\u00ed generar unas acciones, unos programas, unos proyectos y unos recursos dirigidos a la poblaci\u00f3n de v\u00edctimas en el Departamento de Bol\u00edvar. En la sesi\u00f3n particip\u00f3 Reineiro Asis Villalobo, Asesor de la Organizaci\u00f3n Internacional para Migraciones&#8230; <\/p>\n","protected":false},"author":3,"featured_media":14006,"comment_status":"open","ping_status":"closed","sticky":false,"template":"","format":"standard","meta":{"footnotes":"","_links_to":"","_links_to_target":""},"categories":[33],"tags":[],"class_list":["post-14005","post","type-post","status-publish","format-standard","has-post-thumbnail","hentry","category-actualidad-bolivar"],"_links":{"self":[{"href":"https:\/\/revistazetta.com\/index.php?rest_route=\/wp\/v2\/posts\/14005","targetHints":{"allow":["GET"]}}],"collection":[{"href":"https:\/\/revistazetta.com\/index.php?rest_route=\/wp\/v2\/posts"}],"about":[{"href":"https:\/\/revistazetta.com\/index.php?rest_route=\/wp\/v2\/types\/post"}],"author":[{"embeddable":true,"href":"https:\/\/revistazetta.com\/index.php?rest_route=\/wp\/v2\/users\/3"}],"replies":[{"embeddable":true,"href":"https:\/\/revistazetta.com\/index.php?rest_route=%2Fwp%2Fv2%2Fcomments&post=14005"}],"version-history":[{"count":0,"href":"https:\/\/revistazetta.com\/index.php?rest_route=\/wp\/v2\/posts\/14005\/revisions"}],"wp:featuredmedia":[{"embeddable":true,"href":"https:\/\/revistazetta.com\/index.php?rest_route=\/wp\/v2\/media\/14006"}],"wp:attachment":[{"href":"https:\/\/revistazetta.com\/index.php?rest_route=%2Fwp%2Fv2%2Fmedia&parent=14005"}],"wp:term":[{"taxonomy":"category","embeddable":true,"href":"https:\/\/revistazetta.com\/index.php?rest_route=%2Fwp%2Fv2%2Fcategories&post=14005"},{"taxonomy":"post_tag","embeddable":true,"href":"https:\/\/revistazetta.com\/index.php?rest_route=%2Fwp%2Fv2%2Ftags&post=14005"}],"curies":[{"name":"wp","href":"https:\/\/api.w.org\/{rel}","templated":true}]}}