{"id":14092,"date":"2016-06-27T15:08:04","date_gmt":"2016-06-27T20:08:04","guid":{"rendered":"http:\/\/www.revistazetta.com\/?p=14092"},"modified":"2016-06-27T15:08:24","modified_gmt":"2016-06-27T20:08:24","slug":"cerro-la-cansona-opinion-danilo-contreras","status":"publish","type":"post","link":"https:\/\/revistazetta.com\/?p=14092","title":{"rendered":"El cerro de la Cansona \u2013 Opini\u00f3n de Danilo Contreras"},"content":{"rendered":"<p><em><strong>Por Danilo Contreras (Especial para Revista Zetta).-<\/strong><\/em> Una niebla, que m\u00e1s parec\u00eda un manto sutil de algod\u00f3n, descansaba pl\u00e1cida sobre las copas del bosque del cerro La Cansona. Ca\u00eda pertinaz un sereno que ba\u00f1aba como una bendici\u00f3n a los circunstantes, seg\u00fan lo declamaran dos laureados poetas de la regi\u00f3n. Eran ya las 7:30 de la ma\u00f1ana y el paisaje fresco no pod\u00eda ser m\u00e1s inusitado para alguien que como yo hab\u00eda partido un par de horas antes desde los densos vapores que se levantan de las Ci\u00e9nagas que rodean la Bah\u00eda de Cartagena.<\/p>\n<p>La cita era en la cima del cerro donde culminar\u00eda una in\u00e9dita etapa de la legendaria Vuelta a Colombia. El evento no pasar\u00eda de frivolidad deportiva a no ser porque nadie pudo imaginar a\u00f1os antes, que aquellos parajes ocupados por los cafres de la violencia, ser\u00edan escenario de llegada de los escarabajos que tantas historias \u00e9picas han escrito en el ciclismo mundial. Etapa simb\u00f3lica que ratifica que el posconflicto es un bien anhelado que vale los esfuerzos considerando la apacible felicidad que se reflejaba en los rostros de campesinos de botas pantaneras y machete al cinto y de mujeres que preparaban pasteles de arroz y sancocho para hacer el d\u00eda con tanto visitante que lleg\u00f3 a La Cansona.<\/p>\n<p>All\u00ed estaba Santos que meses antes hab\u00eda sido convencido por el gobernador de Bol\u00edvar para cometer la audacia de ratificar que el posconflicto hab\u00eda llegado a los Montes de Mar\u00eda para quedarse, recibiendo la Vuelta a Colombia en la regi\u00f3n en que anta\u00f1o despachaba las Farc.<\/p>\n<p>No fue un mero acto deportivo, ni siquiera protocolario en lo pol\u00edtico, pues aquel d\u00eda ocurrieron cosas que marcar\u00e1n el futuro de Montes de Mar\u00eda. Menciono dos: Los gobernadores de Bol\u00edvar y Sucre, en compa\u00f1\u00eda del Director Nacional de Planeaci\u00f3n y el aval del Presidente Santos suscribieron el Contrato Paz Montes de Mar\u00eda que garantiza inversiones que superan el bill\u00f3n de pesos en los pr\u00f3ximos a\u00f1os, lo se traducir\u00e1 en m\u00e1s acueductos, viviendas, v\u00edas, educaci\u00f3n, escuelas y desarrollo rural para los 7 municipios de Montes de Mar\u00eda bolivarense. Suma similar deber\u00e1 invertirse en Montes de Mar\u00eda Sucre. No hay vuelta atr\u00e1s en estos compromisos.<\/p>\n<p>Lo otro podr\u00e1 calificarse como insignificante, pero lo resalto por lo que puede significar en deliberaci\u00f3n que es lo que falta a nuestra d\u00e9bil democracia y es que el gobernador Turbay redujo su discurso, de por si corto por el tiempo que concede el protocolo de Presidencia, para ceder la palabra a Canoles, vocero de los campesinos de Alta Monta\u00f1a, amenazado por los violentos que lo sindican de guerrillero por defender los intereses de su gente, para que fuera \u00e9l quien levantara reclamos a\u00fan vigentes en la zona. No lo esperaba pero sucedi\u00f3 e interpreto ese gesto como voluntad del gobierno para incluir a quienes han sido excluidos.<\/p>\n<p>Mientras nos resguard\u00e1bamos del roc\u00edo en un tendal nos dimos cuenta que un gatico dorm\u00eda tranquilo en el lomo de un perro echado en el piso de tierra. No pudimos evitar calificar aquella curiosidad como una premonici\u00f3n de la ventura de los tiempos por venir.<\/p>\n","protected":false},"excerpt":{"rendered":"<p>Por Danilo Contreras (Especial para Revista Zetta).- Una niebla, que m\u00e1s parec\u00eda un manto sutil de algod\u00f3n, descansaba pl\u00e1cida sobre las copas del bosque del cerro La Cansona. Ca\u00eda pertinaz un sereno que ba\u00f1aba como una bendici\u00f3n a los circunstantes, seg\u00fan lo declamaran dos laureados poetas de la regi\u00f3n. Eran ya las 7:30 de la ma\u00f1ana y el paisaje fresco no pod\u00eda ser m\u00e1s inusitado para alguien que como yo hab\u00eda partido un par de horas antes desde los densos vapores que se levantan de las Ci\u00e9nagas que rodean la&#8230; <\/p>\n","protected":false},"author":3,"featured_media":14091,"comment_status":"open","ping_status":"closed","sticky":false,"template":"","format":"standard","meta":{"footnotes":"","_links_to":"","_links_to_target":""},"categories":[75,44,65],"tags":[],"class_list":["post-14092","post","type-post","status-publish","format-standard","has-post-thumbnail","hentry","category-destacada","category-materiagris","category-opinion"],"_links":{"self":[{"href":"https:\/\/revistazetta.com\/index.php?rest_route=\/wp\/v2\/posts\/14092","targetHints":{"allow":["GET"]}}],"collection":[{"href":"https:\/\/revistazetta.com\/index.php?rest_route=\/wp\/v2\/posts"}],"about":[{"href":"https:\/\/revistazetta.com\/index.php?rest_route=\/wp\/v2\/types\/post"}],"author":[{"embeddable":true,"href":"https:\/\/revistazetta.com\/index.php?rest_route=\/wp\/v2\/users\/3"}],"replies":[{"embeddable":true,"href":"https:\/\/revistazetta.com\/index.php?rest_route=%2Fwp%2Fv2%2Fcomments&post=14092"}],"version-history":[{"count":0,"href":"https:\/\/revistazetta.com\/index.php?rest_route=\/wp\/v2\/posts\/14092\/revisions"}],"wp:featuredmedia":[{"embeddable":true,"href":"https:\/\/revistazetta.com\/index.php?rest_route=\/wp\/v2\/media\/14091"}],"wp:attachment":[{"href":"https:\/\/revistazetta.com\/index.php?rest_route=%2Fwp%2Fv2%2Fmedia&parent=14092"}],"wp:term":[{"taxonomy":"category","embeddable":true,"href":"https:\/\/revistazetta.com\/index.php?rest_route=%2Fwp%2Fv2%2Fcategories&post=14092"},{"taxonomy":"post_tag","embeddable":true,"href":"https:\/\/revistazetta.com\/index.php?rest_route=%2Fwp%2Fv2%2Ftags&post=14092"}],"curies":[{"name":"wp","href":"https:\/\/api.w.org\/{rel}","templated":true}]}}