{"id":14093,"date":"2016-06-27T18:35:51","date_gmt":"2016-06-27T23:35:51","guid":{"rendered":"http:\/\/www.revistazetta.com\/?p=14093"},"modified":"2016-06-28T08:14:30","modified_gmt":"2016-06-28T13:14:30","slug":"incluso-se-acudiria-infanteria-marina-proteger-personal-medico-nelson-mandela","status":"publish","type":"post","link":"https:\/\/revistazetta.com\/?p=14093","title":{"rendered":"Alcalde contempla Infanter\u00eda de Marina para proteger CAP de Mandela"},"content":{"rendered":"<p>Es reabierto el servicio de urgencias 24 horas del Centro de Salud de Nelson Mandela despu\u00e9s de que fuese cerrado hace seis meses debido a los ataques de los que fueron v\u00edctimas m\u00e9dicos y enfermeras por parte de desadaptados. El alcalde de Cartagena Manuel Vicente Duque, la directora del Dadis, Adriana Meza y el gerente de la ESE Hospital Local Cartagena de Indias, Alvaro Ru\u00edz Campillo piden apoyo a la comunidad y a la fuerza p\u00fablica para que este funcione sin inconvenientes.<\/p>\n<p>Luz Estella Mart\u00ednez, miembro de la asociaci\u00f3n de usuarios del centro de salud de Nelson Mandela, precis\u00f3 que se requiere la presencia de la Polic\u00eda de forma permanente porque no hay control para los delincuentes en el sector de Villa Hermosa.<br \/>\n\u201cNosotros necesitamos que protejan a los m\u00e9dicos y enfermeras porque los bandidos no respetan a nadie, y atracan a cualquier persona\u201d, dijo. Agreg\u00f3 que frente al centro de salud consumen droga, sobre todo por las noches porque el alumbrado p\u00fablico no sirve.<\/p>\n<p>Ante estas manifestaciones El alcalde, Manuel Vicente Duque, se ha comprometido a garantizar la seguridad de los funcionarios de la salud ya sea con el apoyo de la Polic\u00eda o de la Infanter\u00eda de Marina.<\/p>\n<p>\u00c1lvaro Ru\u00edz Campillo, gerente de la ESE Hospital Local Cartagena de Indias, inst\u00f3 a la comunidad a proteger a la misi\u00f3n m\u00e9dica. \u201cDeben apropiarse de su centro de salud e impedir que los j\u00f3venes en riesgo, inmersos en pandillas, agredan a los m\u00e9dicos y personal de salud\u201d, dijo.<\/p>\n","protected":false},"excerpt":{"rendered":"<p>Es reabierto el servicio de urgencias 24 horas del Centro de Salud de Nelson Mandela despu\u00e9s de que fuese cerrado hace seis meses debido a los ataques de los que fueron v\u00edctimas m\u00e9dicos y enfermeras por parte de desadaptados. El alcalde de Cartagena Manuel Vicente Duque, la directora del Dadis, Adriana Meza y el gerente de la ESE Hospital Local Cartagena de Indias, Alvaro Ru\u00edz Campillo piden apoyo a la comunidad y a la fuerza p\u00fablica para que este funcione sin inconvenientes. Luz Estella Mart\u00ednez, miembro de la asociaci\u00f3n de&#8230; <\/p>\n","protected":false},"author":3,"featured_media":14097,"comment_status":"open","ping_status":"closed","sticky":false,"template":"","format":"standard","meta":{"footnotes":"","_links_to":"","_links_to_target":""},"categories":[32,88],"tags":[],"class_list":["post-14093","post","type-post","status-publish","format-standard","has-post-thumbnail","hentry","category-actualidad-distrito","category-seguridad"],"_links":{"self":[{"href":"https:\/\/revistazetta.com\/index.php?rest_route=\/wp\/v2\/posts\/14093","targetHints":{"allow":["GET"]}}],"collection":[{"href":"https:\/\/revistazetta.com\/index.php?rest_route=\/wp\/v2\/posts"}],"about":[{"href":"https:\/\/revistazetta.com\/index.php?rest_route=\/wp\/v2\/types\/post"}],"author":[{"embeddable":true,"href":"https:\/\/revistazetta.com\/index.php?rest_route=\/wp\/v2\/users\/3"}],"replies":[{"embeddable":true,"href":"https:\/\/revistazetta.com\/index.php?rest_route=%2Fwp%2Fv2%2Fcomments&post=14093"}],"version-history":[{"count":0,"href":"https:\/\/revistazetta.com\/index.php?rest_route=\/wp\/v2\/posts\/14093\/revisions"}],"wp:featuredmedia":[{"embeddable":true,"href":"https:\/\/revistazetta.com\/index.php?rest_route=\/wp\/v2\/media\/14097"}],"wp:attachment":[{"href":"https:\/\/revistazetta.com\/index.php?rest_route=%2Fwp%2Fv2%2Fmedia&parent=14093"}],"wp:term":[{"taxonomy":"category","embeddable":true,"href":"https:\/\/revistazetta.com\/index.php?rest_route=%2Fwp%2Fv2%2Fcategories&post=14093"},{"taxonomy":"post_tag","embeddable":true,"href":"https:\/\/revistazetta.com\/index.php?rest_route=%2Fwp%2Fv2%2Ftags&post=14093"}],"curies":[{"name":"wp","href":"https:\/\/api.w.org\/{rel}","templated":true}]}}