{"id":14147,"date":"2016-07-02T05:11:55","date_gmt":"2016-07-02T10:11:55","guid":{"rendered":"http:\/\/www.revistazetta.com\/?p=14147"},"modified":"2016-07-02T05:15:59","modified_gmt":"2016-07-02T10:15:59","slug":"se-abren-inscripciones-al-reinado-la-independencia","status":"publish","type":"post","link":"https:\/\/revistazetta.com\/?p=14147","title":{"rendered":"Se abren inscripciones al Reinado de la Independencia"},"content":{"rendered":"<p>A partir del pr\u00f3ximo mi\u00e9rcoles, el Instituto de Patrimonio y Cultura de Cartagena abre la convocatoria para el retiro de formulario de solicitud para participar en el Reinado de la Independencia de Cartagena 2016, uno de los eventos centrales de las Fiestas de la Independencia, que este a\u00f1o prometen rescatar la esencia cultural de la ciudad. <\/p>\n<p>La inscripci\u00f3n se llevar\u00e1 a cabo en cuatro etapas. En la primera, del 6  al 15  de  julio de 2016, se entregar\u00e1n los formularios a los presidentes de Juntas de Acci\u00f3n Comunal y\/o Juntas de Vivienda de los barrios y corregimientos interesados, presentando carn\u00e9 que lo acredite o resoluci\u00f3n de constituci\u00f3n de la misma,  lo cual significa una solicitud de aspirantes a participar en el Reinado de la Independencia en las Oficinas del IPCC.<\/p>\n<p> En la segunda etapa, del 18 al 29 de Julio 2016 se recibir\u00e1n los formularios debidamente diligenciados con los documentos y soportes. Las interesadas en participar deben entregar personalmente y acompa\u00f1ada del presidente de la Junta de Acci\u00f3n Comunal o Concejo Comunitario en las oficinas del IPCC,  el formulario debidamente diligenciado con una foto del rostro tama\u00f1o postal, fotocopia ampliada de la c\u00e9dula, el registro civil con nota marginal, y certificados de estudios debidamente autenticados, (toda la documentaci\u00f3n completa).<\/p>\n<p>Del 1 al 04 de Agosto 2016 y en ella se har\u00e1 la  verificaci\u00f3n documentos por parte del Departamento Jur\u00eddico del IPCC.<\/p>\n<p>En la tercera etapa, se realizar\u00e1 el proceso de selecci\u00f3n por el Comit\u00e9 avalado por el IPCC. Los criterios de selecci\u00f3n ser\u00e1n: rostro, cuerpo, talento, facilidad de expresi\u00f3n, cultura general e impacto de su proyecto socio cultural.Posteriormente, se llevar\u00e1 a cabo la entrevista privada con el comit\u00e9 de selecci\u00f3n.<\/p>\n<p>El lunes 8 de Agosto 2016 se divulgar\u00e1 por los medios de comunicaci\u00f3n el listado de las candidatas admitidas. Este listado tambi\u00e9n ser\u00e1 publicado en las oficinas del IPCC y la p\u00e1gina <a href=\"https:\/\/www.ipcc.gov.co\/\" target=\"_blank\" rel=\"noopener\">www.ipcc.gov.co<\/a><\/p>\n<p> En la cuarta etapa y \u00faltima, las candidatas asistir\u00e1n a talleres de construcci\u00f3n de ciudadan\u00eda y liderazgo que deber\u00e1n cumplir en su totalidad.<\/p>\n<p>Entre los requisitos para participar en el Reinado se encuentran:<\/p>\n<p> \u2022     Haber nacido mujer.<br \/>\n\u2022     Ser  cartagenera de nacimiento o haber vivido en la ciudad m\u00ednimo cinco (5) a\u00f1os<br \/>\n\u2022     Tener residencia en el barrio o corregimiento que representa m\u00ednimo tres (3) a\u00f1os.<br \/>\n\u2022     Ser soltera y no haber tenido hijos.<br \/>\n\u2022     Tener entre 18 y 26 a\u00f1os de edad, cumplidos a la fecha de inscripci\u00f3n.<br \/>\n\u2022     Haber terminado bachillerato y estar realizando estudios  t\u00e9cnicos, tecnol\u00f3gicos o universitarios<br \/>\n\u2022     Poseer aptitudes y talentos en el arte,  la cultura y liderazgo comunitario.<br \/>\n\u2022     Contar con el apoyo de los padres y anexar su autorizaci\u00f3n para adjuntarla a la solicitud al Reinado de las Fiestas de Independencia.<br \/>\n\u2022     No poseer tatuajes y\/o pirsin.<br \/>\n\u2022     Contar con el apoyo de la Junta de Acci\u00f3n Comunal,  Concejo Comunitario, Junta de Vivienda.<br \/>\n\u2022     No haber participado en publicaciones  como: desnudos o actividades que vayan en contra de la  moral y las buenas costumbres.<br \/>\n\u2022     No haber participado antes en el Reinado de la Independencia.<br \/>\n\u2022     No tener antecedentes judiciales.<br \/>\n\u2022      Presentar proyecto Socio-cultural<\/p>\n","protected":false},"excerpt":{"rendered":"<p>A partir del pr\u00f3ximo mi\u00e9rcoles, el Instituto de Patrimonio y Cultura de Cartagena abre la convocatoria para el retiro de formulario de solicitud para participar en el Reinado de la Independencia de Cartagena 2016, uno de los eventos centrales de las Fiestas de la Independencia, que este a\u00f1o prometen rescatar la esencia cultural de la ciudad. La inscripci\u00f3n se llevar\u00e1 a cabo en cuatro etapas. En la primera, del 6 al 15 de julio de 2016, se entregar\u00e1n los formularios a los presidentes de Juntas de Acci\u00f3n Comunal y\/o Juntas&#8230; <\/p>\n","protected":false},"author":3,"featured_media":14214,"comment_status":"open","ping_status":"closed","sticky":false,"template":"","format":"standard","meta":{"footnotes":"","_links_to":"","_links_to_target":""},"categories":[75,41],"tags":[],"class_list":["post-14147","post","type-post","status-publish","format-standard","has-post-thumbnail","hentry","category-destacada","category-cultura"],"_links":{"self":[{"href":"https:\/\/revistazetta.com\/index.php?rest_route=\/wp\/v2\/posts\/14147","targetHints":{"allow":["GET"]}}],"collection":[{"href":"https:\/\/revistazetta.com\/index.php?rest_route=\/wp\/v2\/posts"}],"about":[{"href":"https:\/\/revistazetta.com\/index.php?rest_route=\/wp\/v2\/types\/post"}],"author":[{"embeddable":true,"href":"https:\/\/revistazetta.com\/index.php?rest_route=\/wp\/v2\/users\/3"}],"replies":[{"embeddable":true,"href":"https:\/\/revistazetta.com\/index.php?rest_route=%2Fwp%2Fv2%2Fcomments&post=14147"}],"version-history":[{"count":0,"href":"https:\/\/revistazetta.com\/index.php?rest_route=\/wp\/v2\/posts\/14147\/revisions"}],"wp:featuredmedia":[{"embeddable":true,"href":"https:\/\/revistazetta.com\/index.php?rest_route=\/wp\/v2\/media\/14214"}],"wp:attachment":[{"href":"https:\/\/revistazetta.com\/index.php?rest_route=%2Fwp%2Fv2%2Fmedia&parent=14147"}],"wp:term":[{"taxonomy":"category","embeddable":true,"href":"https:\/\/revistazetta.com\/index.php?rest_route=%2Fwp%2Fv2%2Fcategories&post=14147"},{"taxonomy":"post_tag","embeddable":true,"href":"https:\/\/revistazetta.com\/index.php?rest_route=%2Fwp%2Fv2%2Ftags&post=14147"}],"curies":[{"name":"wp","href":"https:\/\/api.w.org\/{rel}","templated":true}]}}