{"id":14182,"date":"2016-06-30T22:27:02","date_gmt":"2016-07-01T03:27:02","guid":{"rendered":"http:\/\/www.revistazetta.com\/?p=14182"},"modified":"2016-06-30T22:27:02","modified_gmt":"2016-07-01T03:27:02","slug":"pediatras-revisan-cartagena-lo-hoy-afecta-infancia","status":"publish","type":"post","link":"https:\/\/revistazetta.com\/?p=14182","title":{"rendered":"Pediatras revisan en Cartagena lo que hoy afecta a infancia"},"content":{"rendered":"<p>Con una mirada filantr\u00f3pica acerca de las diferentes realidades que enfrentan actualmente los ni\u00f1os y los adolescentes con respecto a aquellos factores sociales que influyen en su salud y desarrollo general, tales como: el estr\u00e9s, los conflictos sociales, las sustancias adictivas, los medios tecnol\u00f3gicos, entre otros, se llevar\u00e1 a cabo el <strong>V Simposio Internacional de Actualizaci\u00f3n en Pediatr\u00eda<\/strong> los d\u00edas 7, 8 y 9 de julio de 2016 en el Centro de Convenciones y Exposiciones del Hotel Las Am\u00e9ricas en Cartagena, bajo la organizaci\u00f3n ejemplar de la Sociedad Colombiana de Pediatr\u00eda (SCP) en alianza con el Texas Children\u00b4s Hospital (TCH) y el apoyo de la American Academy of Pediatrics (AAP).<\/p>\n<p>Con la orientaci\u00f3n de los principales profesionales de la salud en el \u00e1rea de la pediatr\u00eda desde EE.UU., Guatemala, Argentina, El Salvador y Colombia, este V Simposio Internacional de Actualizaci\u00f3n en Pediatr\u00eda abordar\u00e1 una importante tem\u00e1tica de alta relevancia en el quehacer m\u00e9dico. Entre m\u00e1s de 100 temas cabe desatacar los siguientes:<\/p>\n<ul>\n<li>El estr\u00e9s t\u00f3xico: un problema de salud p\u00fablica que trasciende fronteras. Fernando Stein &#8211; TCH &#8211; Presidente Electo AAP.<\/li>\n<li>La legalizaci\u00f3n de la marihuana y su impacto en el uso de sustancias adictivas en los adolescentes. Dra. Sheryl Ryan, miembro de la AAP.<\/li>\n<li>La ni\u00f1ez y la familia en la dif\u00edcil etapa del postconflicto. Dr. Eduardo Stein Barillas &#8211; Pol\u00edtico y diplom\u00e1tico. ExVicepresidente de Guatemala.<\/li>\n<li>La cara oculta de la ansiedad en los ni\u00f1os. Dr. Max Wiznitzer, miembro de la AAP<\/li>\n<li>El ni\u00f1o a cuatro pantallas: modalidades de conectividad en el siglo XXI. Dr. Ariel Melamud &#8211; Argentina.<\/li>\n<li>Actualizaci\u00f3n en las estrategias en el manejo del asma severa. Fadel E. Ruiz, miembro del TCH.<\/li>\n<li>Tamizaci\u00f3n en el uso y abuso de sustancias adictivas en la poblaci\u00f3n pedi\u00e1trica y su efectividad basada en la evidencia. Dra. Sheryl Ryan, miembro de la AAP.<\/li>\n<li>La Guajira, magia y realidad desde la cosmovisi\u00f3n de su gente. Dr. James Thomas, Dra. Iliana Curiel, Dr. Spencer Rivadeneira, Dr. Arnaldo Palomino.<\/li>\n<\/ul>\n<p>\u201cConsiderando que los factores que influyen en el desarrollo de las personas son m\u00faltiples, es muy importante que desde nuestro que hacer investiguemos tambi\u00e9n sobre aquellos factores sociales que influyen en la salud de los ni\u00f1os y adolescentes, por una permanente mejora de la salud global\u201d, indic\u00f3 Gloria Zuccardi, Directora Ejecutiva de la SCP.<\/p>\n<p>Asimismo, la Sociedad Colombiana de Pediatr\u00eda presentar\u00e1 en el marco del Programa de Salud y Autosuficiencia Ind\u00edgena en La Guajira-SAIL, en el que trabaja por combatir la desnutrici\u00f3n infantil en esa zona del pa\u00eds, su iniciativa \u2018Atrapando Sue\u00f1os\u2019 que consiste en visibilizar la vulnerabilidad de los ni\u00f1os, ni\u00f1as y adolescentes colombianos, en especial de dicha regi\u00f3n y Cartagena, a trav\u00e9s de fotograf\u00edas que ellos mismos retratan con c\u00e1maras digitales suministradas que, adem\u00e1s, usan por primera vez. El objetivo es mostrarle a Colombia y al mundo entero su compleja realidad y ayudarlos a cumplir sus m\u00e1s profundos deseos, con la declaraci\u00f3n hecha por los protagonistas: \u201cT\u00fa y yo hacemos magia, sembrando amor y esperanza para cumplir nuestros sue\u00f1os\u201d.<\/p>\n<p>Por su parte, el V Simposio de Actualizaci\u00f3n en Pediatr\u00eda tambi\u00e9n desarrollar\u00e1 el estudio avanzado de patolog\u00edas tales como: trauma abdominal cerrado, infecciones estafiloccicas, hernia e hidrocele, virus sincicial respiratorio, Bronquilitis, Microcefalia, Encefalomielitis aguda diseminada, Guillan Barre, tratamiento para la Fibrosis Qu\u00edstica, Neumon\u00eda adquirida, Autismo, Hipoglicemia transitoria del reci\u00e9n nacido, Encefalopat\u00eda hip\u00f3xico y vacuna contra el Dengue.<\/p>\n<p>Entre tanto, tambi\u00e9n habr\u00e1 lugar para el p\u00fablico en general: familias, docentes, adolescentes y dem\u00e1s especialistas. Se trata del Sal\u00f3n de Di\u00e1logos con temas de inter\u00e9s para la crianza, educaci\u00f3n y uso de tecnolog\u00edas en la infancia y adolescencia, entre otros. Tendr\u00e1 programaci\u00f3n alterna a la agenda del viernes 8 de julio, con la participaci\u00f3n de varios de los conferencistas invitados al evento.<\/p>\n<p>Asimismo, los adolescentes presentar\u00e1n en un foro su opini\u00f3n con respecto a la lucha por limitarles el uso de la tecnolog\u00eda. Esta retroalimentaci\u00f3n entregar\u00e1 interesantes par\u00e1metros en el manejo de este aspecto que d\u00eda a d\u00eda entrega grandes retos a las ciencias de la salud.<\/p>\n<p>Durante estos tres d\u00edas, la experiencia ser\u00e1 muy enriquecedora para los m\u00e1s de 2.500 asistentes convocados. Al mismo tiempo ser\u00e1 la oportunidad para que la Sociedad Colombiana de Pediatr\u00eda celebre los 10 a\u00f1os de alianza con el Texas Children`s Hospital, una uni\u00f3n que ha conllevado un importante intercambio de conocimientos y experiencias de gran beneficio para el ejercicio de la pediatr\u00eda en nuestro pa\u00eds y el mundo.<\/p>\n<p>M\u00e1s informaci\u00f3n en: <a href=\"https:\/\/scp.com.co\/Simposio\/\" target=\"_blank\" rel=\"noopener\">https:\/\/scp.com.co\/Simposio\/<\/a><\/p>\n","protected":false},"excerpt":{"rendered":"<p>Con una mirada filantr\u00f3pica acerca de las diferentes realidades que enfrentan actualmente los ni\u00f1os y los adolescentes con respecto a aquellos factores sociales que influyen en su salud y desarrollo general, tales como: el estr\u00e9s, los conflictos sociales, las sustancias adictivas, los medios tecnol\u00f3gicos, entre otros, se llevar\u00e1 a cabo el V Simposio Internacional de Actualizaci\u00f3n en Pediatr\u00eda los d\u00edas 7, 8 y 9 de julio de 2016 en el Centro de Convenciones y Exposiciones del Hotel Las Am\u00e9ricas en Cartagena, bajo la organizaci\u00f3n ejemplar de la Sociedad Colombiana de&#8230; <\/p>\n","protected":false},"author":3,"featured_media":14183,"comment_status":"open","ping_status":"closed","sticky":false,"template":"","format":"standard","meta":{"footnotes":"","_links_to":"","_links_to_target":""},"categories":[2,35],"tags":[],"class_list":["post-14182","post","type-post","status-publish","format-standard","has-post-thumbnail","hentry","category-actualidad","category-actualidad-nacion"],"_links":{"self":[{"href":"https:\/\/revistazetta.com\/index.php?rest_route=\/wp\/v2\/posts\/14182","targetHints":{"allow":["GET"]}}],"collection":[{"href":"https:\/\/revistazetta.com\/index.php?rest_route=\/wp\/v2\/posts"}],"about":[{"href":"https:\/\/revistazetta.com\/index.php?rest_route=\/wp\/v2\/types\/post"}],"author":[{"embeddable":true,"href":"https:\/\/revistazetta.com\/index.php?rest_route=\/wp\/v2\/users\/3"}],"replies":[{"embeddable":true,"href":"https:\/\/revistazetta.com\/index.php?rest_route=%2Fwp%2Fv2%2Fcomments&post=14182"}],"version-history":[{"count":0,"href":"https:\/\/revistazetta.com\/index.php?rest_route=\/wp\/v2\/posts\/14182\/revisions"}],"wp:featuredmedia":[{"embeddable":true,"href":"https:\/\/revistazetta.com\/index.php?rest_route=\/wp\/v2\/media\/14183"}],"wp:attachment":[{"href":"https:\/\/revistazetta.com\/index.php?rest_route=%2Fwp%2Fv2%2Fmedia&parent=14182"}],"wp:term":[{"taxonomy":"category","embeddable":true,"href":"https:\/\/revistazetta.com\/index.php?rest_route=%2Fwp%2Fv2%2Fcategories&post=14182"},{"taxonomy":"post_tag","embeddable":true,"href":"https:\/\/revistazetta.com\/index.php?rest_route=%2Fwp%2Fv2%2Ftags&post=14182"}],"curies":[{"name":"wp","href":"https:\/\/api.w.org\/{rel}","templated":true}]}}