{"id":14192,"date":"2016-06-30T22:47:32","date_gmt":"2016-07-01T03:47:32","guid":{"rendered":"http:\/\/www.revistazetta.com\/?p=14192"},"modified":"2016-06-30T22:47:32","modified_gmt":"2016-07-01T03:47:32","slug":"alcalde-logra-paz-pandillas","status":"publish","type":"post","link":"https:\/\/revistazetta.com\/?p=14192","title":{"rendered":"Alcalde logra paz entre pandillas"},"content":{"rendered":"<p>En concordancia con el ambiente de di\u00e1logos y paz que se respira por estos d\u00edas en todo el pa\u00eds, en un emotivo evento realizado en el Sal\u00f3n Vicente Mart\u00ednez del Palacio de la Aduana, cerca de 50 j\u00f3venes integrantes\u00a0 de los clanes \u2018Wenceslaos\u2019 y \u2018Trikis Nike\u2019 del barrio San Francisco se comprometieron con el alcalde Manolo Duque y por ende con la sociedad cartagenera a dejar las armas, suspender las disputas e iniciar conversaciones para poner fin al conflicto que por a\u00f1os ha sacudido a este populoso sector.<\/p>\n<p>\u201cYa estamos cansados de tantas peleas sin sentido, de verdad queremos cambiar y estamos confiados en el alcalde en que as\u00ed va a ser\u201d, expres\u00f3 Danny Fuentes, l\u00edder de los \u201cWenceslaos\u201d.<\/p>\n<p>&nbsp;<\/p>\n<p>Por su parte Alexis V\u00e1squez, representante de los \u201cTrikis Nike\u201d, cree firmemente en esta oportunidad y asegur\u00f3 que tanto \u00e9l como sus compa\u00f1eros han decido finalizar la guerra.<\/p>\n<p>\u201cYo tengo 25 a\u00f1os, tengo un hijo reci\u00e9n nacido, quiero un mejor futuro para \u00e9l, para mi familia. Sue\u00f1o con caminar libremente y que nadie me ataque\u201d, asegur\u00f3.<\/p>\n<p>Durante el encuentro que por primera vez se da entre estos dos grupos de j\u00f3venes en riesgo, el alcalde Duque asegur\u00f3 que su administraci\u00f3n les brindar\u00e1 la mano y los ayudar\u00e1 a salir adelante de acuerdo a las necesidades de ellos, sin embargo, tambi\u00e9n fue enf\u00e1tico en se\u00f1alar en que quienes decidan seguir en el conflicto tendr\u00e1n que asumir sus responsabilidades y responder ante las autoridades.<\/p>\n<p>\u201cLo de hoy es un gran paso, es la decisi\u00f3n m\u00e1s importante que han tomado despu\u00e9s de tantos a\u00f1os de violencia. Quiero decirles que cuentan con nosotros, pero ante la primera falla nosotros tambi\u00e9n responderemos\u201d, dijo el burgomaestre.<\/p>\n<p>&nbsp;<\/p>\n<p><strong>Firma del acuerdo<\/strong><\/p>\n<p>Tanto los integrantes de los \u201cWenceslaos\u201d como los \u201cTrikis Nike\u201d firmaron un documento en el que se estipula la agenda que desde esta misma semana se desarrollar\u00e1 y que tiene como objetivo principal resolver las diferencias y un plan de acci\u00f3n a trav\u00e9s de la Secretar\u00eda del Interior y Convivencia Ciudadana.<\/p>\n<p>\u201cEsto ha sido un proceso psicosocial y as\u00ed le estamos devolviendo la confianza a la comunidad quienes aclamaban esto. Vamos a construir la paz desde el territorio, con las familias. Trataremos de ayudarlos en esas necesidades que ellos reclaman para mejorar sus vidas\u201d, afirm\u00f3 Fernando Ni\u00f1o Mendoza, Secretario del Interior.<\/p>\n<p>En el evento participaron l\u00edderes del barrio San Francisco, periodistas y funcionarios del gabinete distrital.<\/p>\n","protected":false},"excerpt":{"rendered":"<p>En concordancia con el ambiente de di\u00e1logos y paz que se respira por estos d\u00edas en todo el pa\u00eds, en un emotivo evento realizado en el Sal\u00f3n Vicente Mart\u00ednez del Palacio de la Aduana, cerca de 50 j\u00f3venes integrantes\u00a0 de los clanes \u2018Wenceslaos\u2019 y \u2018Trikis Nike\u2019 del barrio San Francisco se comprometieron con el alcalde Manolo Duque y por ende con la sociedad cartagenera a dejar las armas, suspender las disputas e iniciar conversaciones para poner fin al conflicto que por a\u00f1os ha sacudido a este populoso sector. \u201cYa estamos&#8230; <\/p>\n","protected":false},"author":3,"featured_media":14193,"comment_status":"open","ping_status":"closed","sticky":false,"template":"","format":"standard","meta":{"footnotes":"","_links_to":"","_links_to_target":""},"categories":[75,86,32],"tags":[],"class_list":["post-14192","post","type-post","status-publish","format-standard","has-post-thumbnail","hentry","category-destacada","category-comunidad","category-actualidad-distrito"],"_links":{"self":[{"href":"https:\/\/revistazetta.com\/index.php?rest_route=\/wp\/v2\/posts\/14192","targetHints":{"allow":["GET"]}}],"collection":[{"href":"https:\/\/revistazetta.com\/index.php?rest_route=\/wp\/v2\/posts"}],"about":[{"href":"https:\/\/revistazetta.com\/index.php?rest_route=\/wp\/v2\/types\/post"}],"author":[{"embeddable":true,"href":"https:\/\/revistazetta.com\/index.php?rest_route=\/wp\/v2\/users\/3"}],"replies":[{"embeddable":true,"href":"https:\/\/revistazetta.com\/index.php?rest_route=%2Fwp%2Fv2%2Fcomments&post=14192"}],"version-history":[{"count":0,"href":"https:\/\/revistazetta.com\/index.php?rest_route=\/wp\/v2\/posts\/14192\/revisions"}],"wp:featuredmedia":[{"embeddable":true,"href":"https:\/\/revistazetta.com\/index.php?rest_route=\/wp\/v2\/media\/14193"}],"wp:attachment":[{"href":"https:\/\/revistazetta.com\/index.php?rest_route=%2Fwp%2Fv2%2Fmedia&parent=14192"}],"wp:term":[{"taxonomy":"category","embeddable":true,"href":"https:\/\/revistazetta.com\/index.php?rest_route=%2Fwp%2Fv2%2Fcategories&post=14192"},{"taxonomy":"post_tag","embeddable":true,"href":"https:\/\/revistazetta.com\/index.php?rest_route=%2Fwp%2Fv2%2Ftags&post=14192"}],"curies":[{"name":"wp","href":"https:\/\/api.w.org\/{rel}","templated":true}]}}