{"id":14202,"date":"2016-07-01T16:06:24","date_gmt":"2016-07-01T21:06:24","guid":{"rendered":"http:\/\/www.revistazetta.com\/?p=14202"},"modified":"2016-07-02T05:15:33","modified_gmt":"2016-07-02T10:15:33","slug":"oportunidad-educacion-superior-jovenes-viven-extrema-pobreza","status":"publish","type":"post","link":"https:\/\/revistazetta.com\/?p=14202","title":{"rendered":"Oportunidad de educaci\u00f3n superior para j\u00f3venes que viven en extrema pobreza"},"content":{"rendered":"<p>La direcci\u00f3n de Desarrollo Social del departamento se traslad\u00f3 hasta Palenque, Mahates y Mar\u00edalabaja para acercar la oferta educativa a todos los j\u00f3venes, que podr\u00e1n contar con becas y subsidios semestrales, mediante fondos para las comunidades negras.<\/p>\n<p>\u201cLa Gobernaci\u00f3n de Bol\u00edvar en cabeza de Dumek Turbay se ha trazado como una de sus principales metas el tema de la educaci\u00f3n. En ese sentido la direcci\u00f3n de Desarrollo Social, ha realizado una alianza estrat\u00e9gica para acercar la oferta institucional desde el punto de vista acad\u00e9mico y de becas a las comunidades\u201d explic\u00f3 Jackeline Howard, quien lidera la Secretaria de Desarrollo Social del departamento.<\/p>\n<p><img loading=\"lazy\" decoding=\"async\" src=\"https:\/\/www.revistazetta.com\/wp-content\/uploads\/2016\/07\/ESCN1-300x188.jpg\" alt=\"ESCN1\" width=\"300\" height=\"188\" class=\"alignleft size-medium wp-image-14207\" srcset=\"https:\/\/revistazetta.com\/wp-content\/uploads\/2016\/07\/ESCN1-300x188.jpg 300w, https:\/\/revistazetta.com\/wp-content\/uploads\/2016\/07\/ESCN1-234x146.jpg 234w, https:\/\/revistazetta.com\/wp-content\/uploads\/2016\/07\/ESCN1-50x31.jpg 50w, https:\/\/revistazetta.com\/wp-content\/uploads\/2016\/07\/ESCN1-120x75.jpg 120w, https:\/\/revistazetta.com\/wp-content\/uploads\/2016\/07\/ESCN1.jpg 587w\" sizes=\"auto, (max-width: 300px) 100vw, 300px\" \/><\/p>\n<p><img loading=\"lazy\" decoding=\"async\" src=\"https:\/\/www.revistazetta.com\/wp-content\/uploads\/2016\/07\/ESCN2-300x188.jpg\" alt=\"ESCN2\" width=\"300\" height=\"188\" class=\"alignleft size-medium wp-image-14206\" srcset=\"https:\/\/revistazetta.com\/wp-content\/uploads\/2016\/07\/ESCN2-300x188.jpg 300w, https:\/\/revistazetta.com\/wp-content\/uploads\/2016\/07\/ESCN2-234x146.jpg 234w, https:\/\/revistazetta.com\/wp-content\/uploads\/2016\/07\/ESCN2-50x31.jpg 50w, https:\/\/revistazetta.com\/wp-content\/uploads\/2016\/07\/ESCN2-120x75.jpg 120w, https:\/\/revistazetta.com\/wp-content\/uploads\/2016\/07\/ESCN2.jpg 587w\" sizes=\"auto, (max-width: 300px) 100vw, 300px\" \/><\/p>\n<p><img loading=\"lazy\" decoding=\"async\" src=\"https:\/\/www.revistazetta.com\/wp-content\/uploads\/2016\/07\/ESCN3-300x188.jpg\" alt=\"ESCN3\" width=\"300\" height=\"188\" class=\"alignleft size-medium wp-image-14205\" srcset=\"https:\/\/revistazetta.com\/wp-content\/uploads\/2016\/07\/ESCN3-300x188.jpg 300w, https:\/\/revistazetta.com\/wp-content\/uploads\/2016\/07\/ESCN3-234x146.jpg 234w, https:\/\/revistazetta.com\/wp-content\/uploads\/2016\/07\/ESCN3-50x31.jpg 50w, https:\/\/revistazetta.com\/wp-content\/uploads\/2016\/07\/ESCN3-120x75.jpg 120w, https:\/\/revistazetta.com\/wp-content\/uploads\/2016\/07\/ESCN3.jpg 587w\" sizes=\"auto, (max-width: 300px) 100vw, 300px\" \/><\/p>\n<p>Para ejecutar estas ofertas educativas, la  Gobernaci\u00f3n lidera una importante alianza con la Fundaci\u00f3n Universitaria Tecnol\u00f3gico de Comfenalco e Icetex para brindar oportunidades de estudios superiores a los j\u00f3venes que viven en situaci\u00f3n de pobreza extrema.<\/p>\n<p>\u201cMe gustar\u00eda estudiar salud ocupacional, y estoy dispuesta a salir adelante, porque conf\u00edo en que el estudio me puede ayudar a superar la dif\u00edcil situaci\u00f3n en la que estoy\u201d resalt\u00f3 Angie Patricia Reyes, una joven de 19 a\u00f1os que pertenece a la comunidad de San Basilio de Palenque.<\/p>\n<p>Los j\u00f3venes interesados en acceder a estas becas, deben inscribirse a la instituci\u00f3n Tecnol\u00f3gico de Comfenalco, tambi\u00e9n necesitan ingresar al sitio web del Icetex para generar la postulaci\u00f3n. Seguidamente, los j\u00f3venes deben tener el certificado de grupo \u00e9tnico al cual pertenece.<\/p>\n<p>\u201cCon Dumek Turbay hemos encontrado un importante respaldo en la parte educativa; este es un gobernador que act\u00faa como si llevara el sentir de Palenque por dentro\u201d, a\u00f1adi\u00f3 Sebasti\u00e1n Salgado Licenciado en Lengua Castellana.<\/p>\n","protected":false},"excerpt":{"rendered":"<p>La direcci\u00f3n de Desarrollo Social del departamento se traslad\u00f3 hasta Palenque, Mahates y Mar\u00edalabaja para acercar la oferta educativa a todos los j\u00f3venes, que podr\u00e1n contar con becas y subsidios semestrales, mediante fondos para las comunidades negras. \u201cLa Gobernaci\u00f3n de Bol\u00edvar en cabeza de Dumek Turbay se ha trazado como una de sus principales metas el tema de la educaci\u00f3n. En ese sentido la direcci\u00f3n de Desarrollo Social, ha realizado una alianza estrat\u00e9gica para acercar la oferta institucional desde el punto de vista acad\u00e9mico y de becas a las comunidades\u201d&#8230; <\/p>\n","protected":false},"author":3,"featured_media":14204,"comment_status":"open","ping_status":"closed","sticky":false,"template":"","format":"standard","meta":{"footnotes":"","_links_to":"","_links_to_target":""},"categories":[33,75],"tags":[],"class_list":["post-14202","post","type-post","status-publish","format-standard","has-post-thumbnail","hentry","category-actualidad-bolivar","category-destacada"],"_links":{"self":[{"href":"https:\/\/revistazetta.com\/index.php?rest_route=\/wp\/v2\/posts\/14202","targetHints":{"allow":["GET"]}}],"collection":[{"href":"https:\/\/revistazetta.com\/index.php?rest_route=\/wp\/v2\/posts"}],"about":[{"href":"https:\/\/revistazetta.com\/index.php?rest_route=\/wp\/v2\/types\/post"}],"author":[{"embeddable":true,"href":"https:\/\/revistazetta.com\/index.php?rest_route=\/wp\/v2\/users\/3"}],"replies":[{"embeddable":true,"href":"https:\/\/revistazetta.com\/index.php?rest_route=%2Fwp%2Fv2%2Fcomments&post=14202"}],"version-history":[{"count":0,"href":"https:\/\/revistazetta.com\/index.php?rest_route=\/wp\/v2\/posts\/14202\/revisions"}],"wp:featuredmedia":[{"embeddable":true,"href":"https:\/\/revistazetta.com\/index.php?rest_route=\/wp\/v2\/media\/14204"}],"wp:attachment":[{"href":"https:\/\/revistazetta.com\/index.php?rest_route=%2Fwp%2Fv2%2Fmedia&parent=14202"}],"wp:term":[{"taxonomy":"category","embeddable":true,"href":"https:\/\/revistazetta.com\/index.php?rest_route=%2Fwp%2Fv2%2Fcategories&post=14202"},{"taxonomy":"post_tag","embeddable":true,"href":"https:\/\/revistazetta.com\/index.php?rest_route=%2Fwp%2Fv2%2Ftags&post=14202"}],"curies":[{"name":"wp","href":"https:\/\/api.w.org\/{rel}","templated":true}]}}