{"id":14203,"date":"2016-07-01T15:38:31","date_gmt":"2016-07-01T20:38:31","guid":{"rendered":"http:\/\/www.revistazetta.com\/?p=14203"},"modified":"2016-07-02T05:13:41","modified_gmt":"2016-07-02T10:13:41","slug":"comunidades-la-bahia-programan-paro-mar-tierra","status":"publish","type":"post","link":"https:\/\/revistazetta.com\/?p=14203","title":{"rendered":"Comunidades de la Bah\u00eda programan paro por mar y tierra"},"content":{"rendered":"<p>El pr\u00f3ximo mi\u00e9rcoles 06 de julio las comunidades negras, pesqueras e ind\u00edgenas de los corregimientos de la Bah\u00eda, Pasacaballos y los habitantes de los barrios Albornoz, Zapatero, Ceballos, Arroz Barato y Puerta de Hierro, saldr\u00e1n en una protesta pac\u00edfica en busca de una atenci\u00f3n real a sus problemas y las dificultades que reciben de la zona industrial de Mamonal.<\/p>\n<p>Son m\u00e1s de 300 embarcaciones de pescadores confirmadas para su participaci\u00f3n en la marcha. Estas comunidades a bordo de sus embarcaciones se concentraran en el muelle del Castillo de San Fernando en Bocachica, para iniciar la protesta en el canal de acceso a la Bah\u00eda de Cartagena para luego recorrer la zona industrial de Mamonal, hacer un pare frente a Reficar y luego trasladarse al centro de la ciudad al muelle de la Bodeguita.<\/p>\n<p>Estas comunidades est\u00e1n exigiendo la presencia en Cartagena del Presidente de la Rep\u00fablica, de los miembros de la Comisi\u00f3n Quinta del Senado, de la direcci\u00f3n nacional de Consulta Previa del Ministerio del Interior, alcalde de Cartagena, Gobernador de Bol\u00edvar, del Ministerio de Agricultura y Desarrollo Rural, del Comandante de la Armada Nacional, Cardique, EPA-Cartagena, de los entes de control y dem\u00e1s autoridades.<\/p>\n<p><strong>Causas de la Protesta<\/strong><\/p>\n<p>1-   Contra la contaminaci\u00f3n de la Bah\u00eda y el derrame permanente de productos qu\u00edmicos de grandes buques y empresas de Mamonal que acaban con la pesca.<\/p>\n<p>2-   Contra el transporte de Coque en tierra y en la bah\u00eda de Cartagena por parte de Ecopetrol, Reficar y Puerto Mamonal, sin consultar con estas comunidades.<\/p>\n<p>3-   Contra la posibilidad de entregar grandes zonas de la bah\u00eda de Cartagena para el funcionamiento de marinas sin consultar a las comunidades.<\/p>\n<p>4-   Contra el proyecto de ampliaci\u00f3n del muelle de Contecar, denominado Proyecto Contecar 1 y 2, que no incluye a la comunidad de pescadores de Albornoz y El Zapatero dentro del \u00e1rea de influencia directa.<\/p>\n<p>5-   Contra el abuso de autoridades como Guarda Costa, Parques Nacionales, Lugares de Fondeo de Buques y el cobro exagerado del impuesto para el zarpe en el muelle de la boqueguita<\/p>\n","protected":false},"excerpt":{"rendered":"<p>El pr\u00f3ximo mi\u00e9rcoles 06 de julio las comunidades negras, pesqueras e ind\u00edgenas de los corregimientos de la Bah\u00eda, Pasacaballos y los habitantes de los barrios Albornoz, Zapatero, Ceballos, Arroz Barato y Puerta de Hierro, saldr\u00e1n en una protesta pac\u00edfica en busca de una atenci\u00f3n real a sus problemas y las dificultades que reciben de la zona industrial de Mamonal. Son m\u00e1s de 300 embarcaciones de pescadores confirmadas para su participaci\u00f3n en la marcha. Estas comunidades a bordo de sus embarcaciones se concentraran en el muelle del Castillo de San Fernando&#8230; <\/p>\n","protected":false},"author":3,"featured_media":0,"comment_status":"open","ping_status":"closed","sticky":false,"template":"","format":"standard","meta":{"footnotes":"","_links_to":"","_links_to_target":""},"categories":[32],"tags":[],"class_list":["post-14203","post","type-post","status-publish","format-standard","hentry","category-actualidad-distrito"],"_links":{"self":[{"href":"https:\/\/revistazetta.com\/index.php?rest_route=\/wp\/v2\/posts\/14203","targetHints":{"allow":["GET"]}}],"collection":[{"href":"https:\/\/revistazetta.com\/index.php?rest_route=\/wp\/v2\/posts"}],"about":[{"href":"https:\/\/revistazetta.com\/index.php?rest_route=\/wp\/v2\/types\/post"}],"author":[{"embeddable":true,"href":"https:\/\/revistazetta.com\/index.php?rest_route=\/wp\/v2\/users\/3"}],"replies":[{"embeddable":true,"href":"https:\/\/revistazetta.com\/index.php?rest_route=%2Fwp%2Fv2%2Fcomments&post=14203"}],"version-history":[{"count":0,"href":"https:\/\/revistazetta.com\/index.php?rest_route=\/wp\/v2\/posts\/14203\/revisions"}],"wp:attachment":[{"href":"https:\/\/revistazetta.com\/index.php?rest_route=%2Fwp%2Fv2%2Fmedia&parent=14203"}],"wp:term":[{"taxonomy":"category","embeddable":true,"href":"https:\/\/revistazetta.com\/index.php?rest_route=%2Fwp%2Fv2%2Fcategories&post=14203"},{"taxonomy":"post_tag","embeddable":true,"href":"https:\/\/revistazetta.com\/index.php?rest_route=%2Fwp%2Fv2%2Ftags&post=14203"}],"curies":[{"name":"wp","href":"https:\/\/api.w.org\/{rel}","templated":true}]}}