{"id":14209,"date":"2016-07-01T16:38:44","date_gmt":"2016-07-01T21:38:44","guid":{"rendered":"http:\/\/www.revistazetta.com\/?p=14209"},"modified":"2016-07-02T00:21:17","modified_gmt":"2016-07-02T05:21:17","slug":"datt-continua-gran-campana-educacion-vial","status":"publish","type":"post","link":"https:\/\/revistazetta.com\/?p=14209","title":{"rendered":"DATT contin\u00faa gran campa\u00f1a de educaci\u00f3n vial"},"content":{"rendered":"<p>El Departamento Administrativo de Tr\u00e1nsito y Transportes, DATT, contin\u00faa con su campa\u00f1a masiva de educaci\u00f3n vial con el objetivo de concientizar a la ciudadan\u00eda en general sobre los riesgos que implica no respetar las se\u00f1ales de tr\u00e1nsito.<\/p>\n<p><img loading=\"lazy\" decoding=\"async\" src=\"https:\/\/www.revistazetta.com\/wp-content\/uploads\/2016\/07\/CEV-300x188.jpg\" alt=\"CEV\" width=\"300\" height=\"188\" class=\"alignleft size-medium wp-image-14211\" srcset=\"https:\/\/revistazetta.com\/wp-content\/uploads\/2016\/07\/CEV-300x188.jpg 300w, https:\/\/revistazetta.com\/wp-content\/uploads\/2016\/07\/CEV-234x146.jpg 234w, https:\/\/revistazetta.com\/wp-content\/uploads\/2016\/07\/CEV-50x31.jpg 50w, https:\/\/revistazetta.com\/wp-content\/uploads\/2016\/07\/CEV-120x75.jpg 120w, https:\/\/revistazetta.com\/wp-content\/uploads\/2016\/07\/CEV.jpg 587w\" sizes=\"auto, (max-width: 300px) 100vw, 300px\" \/><br \/>\nLa jornada de este viernes consisti\u00f3 en la retoma de la campa\u00f1a sobre el uso seguro de las cebras o pasos peatonales en una zona demasiado concurrida como lo es la zona de La Castellana.<\/p>\n<p>All\u00ed un grupo de agentes interactuaron con peatones,  conductores y pasajero de veh\u00edculos de servicio p\u00fablico y particulares advirti\u00e9ndole sobre los riesgos que implica el no respetar el uso de las zonas peatonales.<\/p>\n<p>Esta campa\u00f1a se trasladar\u00e1 tambi\u00e9n a las afueras de centros comerciales, colegios, universidades y dem\u00e1s zonas de asistencia masiva de personal.<\/p>\n<p>El director del DATT, Edilberto Mendoza Goez, se\u00f1al\u00f3 que la movilidad es un asunto de todos. \u201cPor eso es necesario que como ciudadanos participemos de forma activa y respetuosa en la construcci\u00f3n de una cultura vial que permita movilizarnos de forma segura por la ciudad\u00bb.<\/p>\n","protected":false},"excerpt":{"rendered":"<p>El Departamento Administrativo de Tr\u00e1nsito y Transportes, DATT, contin\u00faa con su campa\u00f1a masiva de educaci\u00f3n vial con el objetivo de concientizar a la ciudadan\u00eda en general sobre los riesgos que implica no respetar las se\u00f1ales de tr\u00e1nsito. La jornada de este viernes consisti\u00f3 en la retoma de la campa\u00f1a sobre el uso seguro de las cebras o pasos peatonales en una zona demasiado concurrida como lo es la zona de La Castellana. All\u00ed un grupo de agentes interactuaron con peatones, conductores y pasajero de veh\u00edculos de servicio p\u00fablico y particulares&#8230; <\/p>\n","protected":false},"author":3,"featured_media":14210,"comment_status":"open","ping_status":"closed","sticky":false,"template":"","format":"standard","meta":{"footnotes":"","_links_to":"","_links_to_target":""},"categories":[32,87],"tags":[],"class_list":["post-14209","post","type-post","status-publish","format-standard","has-post-thumbnail","hentry","category-actualidad-distrito","category-movilidad"],"_links":{"self":[{"href":"https:\/\/revistazetta.com\/index.php?rest_route=\/wp\/v2\/posts\/14209","targetHints":{"allow":["GET"]}}],"collection":[{"href":"https:\/\/revistazetta.com\/index.php?rest_route=\/wp\/v2\/posts"}],"about":[{"href":"https:\/\/revistazetta.com\/index.php?rest_route=\/wp\/v2\/types\/post"}],"author":[{"embeddable":true,"href":"https:\/\/revistazetta.com\/index.php?rest_route=\/wp\/v2\/users\/3"}],"replies":[{"embeddable":true,"href":"https:\/\/revistazetta.com\/index.php?rest_route=%2Fwp%2Fv2%2Fcomments&post=14209"}],"version-history":[{"count":0,"href":"https:\/\/revistazetta.com\/index.php?rest_route=\/wp\/v2\/posts\/14209\/revisions"}],"wp:featuredmedia":[{"embeddable":true,"href":"https:\/\/revistazetta.com\/index.php?rest_route=\/wp\/v2\/media\/14210"}],"wp:attachment":[{"href":"https:\/\/revistazetta.com\/index.php?rest_route=%2Fwp%2Fv2%2Fmedia&parent=14209"}],"wp:term":[{"taxonomy":"category","embeddable":true,"href":"https:\/\/revistazetta.com\/index.php?rest_route=%2Fwp%2Fv2%2Fcategories&post=14209"},{"taxonomy":"post_tag","embeddable":true,"href":"https:\/\/revistazetta.com\/index.php?rest_route=%2Fwp%2Fv2%2Ftags&post=14209"}],"curies":[{"name":"wp","href":"https:\/\/api.w.org\/{rel}","templated":true}]}}