{"id":14213,"date":"2016-07-06T05:00:48","date_gmt":"2016-07-06T10:00:48","guid":{"rendered":"http:\/\/www.revistazetta.com\/?p=14213"},"modified":"2016-07-06T17:21:39","modified_gmt":"2016-07-06T22:21:39","slug":"los-retos-las-fiestas-independencia-mas-una-agenda-cultural","status":"publish","type":"post","link":"https:\/\/revistazetta.com\/?p=14213","title":{"rendered":"Los retos de hacer de las Fiestas de Independencia m\u00e1s que una Agenda Cultural"},"content":{"rendered":"<p>A ra\u00edz de la propuesta del concejal Am\u00e9rico Mendoza de poner sobre la mesa el tema de las Fiestas de Independencia para encontrar formas de ayudar a la administraci\u00f3n en su plan de revitalizaci\u00f3n de las mismas, se cit\u00f3 una audiencia para despejar\u00a0un cuestionario con las inquietudes del Concejo a Bertha Luc\u00eda Arnedo, directora del IPCC, quien lleg\u00f3 muy temprano a cumplir la cita.<\/p>\n<p>Dicho cuestionario abarcaba aspectos presupuestales, la posibilidad de conseguir que las fiestas sean reconocidas como Patrimonio Inmaterial de la Naci\u00f3n adem\u00e1s de aspectos organizacionales que tiene que ver con la seguridad, log\u00edstica y cronograma preparado para estas festividades.<\/p>\n<div id=\"attachment_14246\" style=\"width: 310px\" class=\"wp-caption alignleft\"><img loading=\"lazy\" decoding=\"async\" aria-describedby=\"caption-attachment-14246\" class=\"wp-image-14246 size-medium\" src=\"https:\/\/www.revistazetta.com\/wp-content\/uploads\/2016\/07\/FIC1-300x187.jpg\" alt=\"FIC1\" width=\"300\" height=\"187\" srcset=\"https:\/\/revistazetta.com\/wp-content\/uploads\/2016\/07\/FIC1-300x187.jpg 300w, https:\/\/revistazetta.com\/wp-content\/uploads\/2016\/07\/FIC1-234x146.jpg 234w, https:\/\/revistazetta.com\/wp-content\/uploads\/2016\/07\/FIC1-50x31.jpg 50w, https:\/\/revistazetta.com\/wp-content\/uploads\/2016\/07\/FIC1-120x75.jpg 120w, https:\/\/revistazetta.com\/wp-content\/uploads\/2016\/07\/FIC1.jpg 570w\" sizes=\"auto, (max-width: 300px) 100vw, 300px\" \/><p id=\"caption-attachment-14246\" class=\"wp-caption-text\">Bertha Arnedo, directora del IPCC.<\/p><\/div>\n<p>En presencia miembros de la corporaci\u00f3n, gestores culturales, la ciudadan\u00eda y los periodistas, la directora del IPCC expuso, entre otros temas, sobre el balance financiero de las Fiestas de Independencia del 2015, cu\u00e1l fue el presupuesto de estas, cu\u00e1l se necesita para las del 2016, qu\u00e9 se est\u00e1 haciendo para lograr el t\u00edtulo de Patrimonio Inmaterial, c\u00f3mo se garantizar\u00e1 la seguridad de quienes participen este a\u00f1o, los evento programados y el cronograma previsto para la conmemoraci\u00f3n de la independencia de la ciudad.<\/p>\n<p>Dej\u00f3 claro que son $300 millones destinados para el calendario festivo de todo el a\u00f1o y que se transfiri\u00f3 espec\u00edficamente un monto de $150 millones para las Fiestas de Independencia, ante lo que pidi\u00f3 tener presente que muchas veces los recursos no alcanzan; se empiezan a dar pasos con rubros apretados que se van alimentando a lo largo del a\u00f1o y con ciertos aportes que no todas las veces resultan ser oportunos.<\/p>\n<p>Sin embargo recalc\u00f3 que la apuesta con el presupuesto es hacer de esta celebraci\u00f3n m\u00e1s que una agenda y un cronograma de eventos, una verdadera conmemoraci\u00f3n del 11 de noviembre que resalte el valor identitario, la historia y las tradiciones de la ciudad por lo que estas no solo se limitaran a la m\u00fasica o la danza sino que ser\u00e1n transversales al tema gastron\u00f3mico, esc\u00e9nico teatral, pl\u00e1stico y todas las expresiones art\u00edsticas que la ciudad tiene hoy.<\/p>\n<p>Hizo \u00e9nfasis en que este debe ser un proyecto de ciudad que adem\u00e1s de fortalecer la memoria colectiva y el sentido de pertenec\u00eda, tambi\u00e9n debe permitir aportes importantes para fortalecer la econom\u00eda.<\/p>\n<p>Precisamente con este objetivo, coment\u00f3, se ejecutar\u00e1n\u00a0estrategias como la \u201cToma de los corregimientos\u201d, que en el caso de los insulares, se han venido distanciado de la celebraci\u00f3n aun cuando esta poblaci\u00f3n negra fue elemento clave del procesos de independencia. La idea es que ellos tambi\u00e9n se sumen y asuman estas fiestas como propias.<\/p>\n<p>Cuando lleg\u00f3 el momento de hablar sobre la negativa que el Ministerio de Cultura hab\u00eda dado al Distrito sobre el nombramiento de las Fiestas de Independencia como Patrimonio Inmaterial, la funcionaria aclar\u00f3 que esto se debi\u00f3 a omisiones procedimentales como la ausencia de la descripci\u00f3n de los criterios de valoraci\u00f3n y conceptualmente, a la argumentaci\u00f3n general que fue insuficiente para entender la dimensi\u00f3n de la solicitud, adem\u00e1s de la ausencia de rigor metodol\u00f3gico en la cita de autores y la escasa evidencia de participaci\u00f3n de gestores culturales y de la comunidad en este que deber\u00eda ser un proyecto de ciudad.<\/p>\n<p>Sin embargo tambi\u00e9n expres\u00f3 que se est\u00e1n realizando actividades para subsanar dichas fallas como las reuniones con los actores culturales, el comit\u00e9 de revitalizaci\u00f3n de las fiestas, todas \u00e9stas consignadas en una minuta convirti\u00e9ndose as\u00ed en insumo importante.<\/p>\n<p>Adem\u00e1s de ello, habl\u00f3 de las evidencias de participaci\u00f3n del sector privado como las reuniones con empresarios de la ciudad para trabajar en la agenda de responsabilidad social y asegur\u00f3 que se cree que el documento al Ministerio de Cultura puede ser presentado a finales de agosto<\/p>\n<p>Para terminar dijo que a pesar de que la semana de fiestas se convierte en una semana de miedo para muchos ciudadanos, se espera que con el trabajo mancomunado con el Consejo de Seguridad, todos puedan disfrutar de las fiestas.<\/p>\n<div id=\"attachment_14242\" style=\"width: 310px\" class=\"wp-caption alignleft\"><img loading=\"lazy\" decoding=\"async\" aria-describedby=\"caption-attachment-14242\" class=\"wp-image-14242 size-medium\" src=\"https:\/\/www.revistazetta.com\/wp-content\/uploads\/2016\/07\/FIC-300x187.jpg\" alt=\"FIC\" width=\"300\" height=\"187\" srcset=\"https:\/\/revistazetta.com\/wp-content\/uploads\/2016\/07\/FIC-300x187.jpg 300w, https:\/\/revistazetta.com\/wp-content\/uploads\/2016\/07\/FIC-234x146.jpg 234w, https:\/\/revistazetta.com\/wp-content\/uploads\/2016\/07\/FIC-50x31.jpg 50w, https:\/\/revistazetta.com\/wp-content\/uploads\/2016\/07\/FIC-120x75.jpg 120w, https:\/\/revistazetta.com\/wp-content\/uploads\/2016\/07\/FIC.jpg 570w\" sizes=\"auto, (max-width: 300px) 100vw, 300px\" \/><p id=\"caption-attachment-14242\" class=\"wp-caption-text\">Am\u00e9rico Mendoza, concejal citante.<\/p><\/div>\n<p>El debate aun no se hab\u00eda producido y con mucha tela por cortar sobre el tema y ya dos horas de sesi\u00f3n, la corporaci\u00f3n decidi\u00f3 declarase en sesi\u00f3n permanente, dando oportunidad a que los concejales y gestores culturales y festivos participaran.<\/p>\n<div id=\"attachment_14243\" style=\"width: 310px\" class=\"wp-caption alignleft\"><img loading=\"lazy\" decoding=\"async\" aria-describedby=\"caption-attachment-14243\" class=\"wp-image-14243 size-medium\" src=\"https:\/\/www.revistazetta.com\/wp-content\/uploads\/2016\/07\/FIC2-300x187.jpg\" alt=\"FIC2\" width=\"300\" height=\"187\" srcset=\"https:\/\/revistazetta.com\/wp-content\/uploads\/2016\/07\/FIC2-300x187.jpg 300w, https:\/\/revistazetta.com\/wp-content\/uploads\/2016\/07\/FIC2-234x146.jpg 234w, https:\/\/revistazetta.com\/wp-content\/uploads\/2016\/07\/FIC2-50x31.jpg 50w, https:\/\/revistazetta.com\/wp-content\/uploads\/2016\/07\/FIC2-120x75.jpg 120w, https:\/\/revistazetta.com\/wp-content\/uploads\/2016\/07\/FIC2.jpg 570w\" sizes=\"auto, (max-width: 300px) 100vw, 300px\" \/><p id=\"caption-attachment-14243\" class=\"wp-caption-text\">Lewis Montero.<\/p><\/div>\n<p>La palabra entonces fue tomada por el concejal Am\u00e9rico Mendoza quien aprovech\u00f3 su intervenci\u00f3n para poner al Carnaval de Barranquilla como un buen ejemplo a seguir y una muestra de lo que se puede lograr con las Fiestas de Independencia si se trabaja en ello.<\/p>\n<p>Ante este punto de vista, el concejal Lewis Monetero, del Partido de Integraci\u00f3n Nacional, pidi\u00f3 ser m\u00e1s aterrizados en el tema y darse cuenta que el problema no solo de las fiestas sino de la pobreza y la violencia en la ciudad, tiene que ver con la cultura y con la poca inversi\u00f3n que se hace en este \u00e1rea, alegando adem\u00e1s que resulta absurdo comparar a Barranquilla con Cartagena, cuando la primera si hace una verdadera inversi\u00f3n en lo que respecta al carnaval, durante todo un a\u00f1o.<\/p>\n<div id=\"attachment_14244\" style=\"width: 310px\" class=\"wp-caption alignleft\"><img loading=\"lazy\" decoding=\"async\" aria-describedby=\"caption-attachment-14244\" class=\"wp-image-14244 size-medium\" src=\"https:\/\/www.revistazetta.com\/wp-content\/uploads\/2016\/07\/FIC3-300x187.jpg\" alt=\"FIC3\" width=\"300\" height=\"187\" srcset=\"https:\/\/revistazetta.com\/wp-content\/uploads\/2016\/07\/FIC3-300x187.jpg 300w, https:\/\/revistazetta.com\/wp-content\/uploads\/2016\/07\/FIC3-234x146.jpg 234w, https:\/\/revistazetta.com\/wp-content\/uploads\/2016\/07\/FIC3-50x31.jpg 50w, https:\/\/revistazetta.com\/wp-content\/uploads\/2016\/07\/FIC3-120x75.jpg 120w, https:\/\/revistazetta.com\/wp-content\/uploads\/2016\/07\/FIC3.jpg 570w\" sizes=\"auto, (max-width: 300px) 100vw, 300px\" \/><p id=\"caption-attachment-14244\" class=\"wp-caption-text\">C\u00e9sar Pi\u00f3n.<\/p><\/div>\n<p>Seguidamente se pronunci\u00f3 Cesar Pi\u00f3n, del Partido de la U, quien reconoci\u00f3 la labor que se intenta hacer con la revitalizaci\u00f3n de las fiestas, sin embargo, dej\u00f3 claro que estas deben analizarse desde el punto de vista social, econ\u00f3mico y cultural y que el instituto tiene que pellizcarse y trabajar sobre lo que hay ahora que tiene que ver con acabar con los monopolios y la desigualdad que se ve en la celebraci\u00f3n as\u00ed como en la seguridad de los asistentes a los desfiles.<\/p>\n<p>Finalmente se le dio paso a la intervenci\u00f3n de los gestores culturales Juan Sierra, lancero; Fernando Almanza, m\u00fasico; Nilda Mel\u00e9ndez, Cabildo de Getseman\u00ed; Maritza Z\u00fa\u00f1iga, directora disfraz colectivo Las Cobras; Alfonso Arce Morales, Comit\u00e9 de Revitalizaci\u00f3n, y Kisis Ram\u00edrez, artistas esc\u00e9nicos.<\/p>\n<p><img loading=\"lazy\" decoding=\"async\" class=\"alignleft size-medium wp-image-14245\" src=\"https:\/\/www.revistazetta.com\/wp-content\/uploads\/2016\/07\/FIC4-300x187.jpg\" alt=\"FIC4\" width=\"300\" height=\"187\" srcset=\"https:\/\/revistazetta.com\/wp-content\/uploads\/2016\/07\/FIC4-300x187.jpg 300w, https:\/\/revistazetta.com\/wp-content\/uploads\/2016\/07\/FIC4-234x146.jpg 234w, https:\/\/revistazetta.com\/wp-content\/uploads\/2016\/07\/FIC4-50x31.jpg 50w, https:\/\/revistazetta.com\/wp-content\/uploads\/2016\/07\/FIC4-120x75.jpg 120w, https:\/\/revistazetta.com\/wp-content\/uploads\/2016\/07\/FIC4.jpg 570w\" sizes=\"auto, (max-width: 300px) 100vw, 300px\" \/>Algunos mostraron tristeza por el poco reconocimiento que el IPCC desde a\u00f1os anteriores muestra para con los artistas que le dan vida a las festividades novembrinas, otros hablaron de la di\u00e1spora de talentos de Cartagena por la no remuneraci\u00f3n a su labor, unos pidieron que se les incluyera en el presupuesto de las fiestas como generados y aportantes de recursos, puestos que de su propio bolsillo se costean gastos para participar en las diferentes presentaciones.<\/p>\n<p>Todos generaron un punto de vista distinto sobre los retos que le espera a las fiestas para ser consideradas un verdadero proyecto de ciudad, pero sin excepci\u00f3n tambi\u00e9n todos manifestaron su confianza y fe a la gesti\u00f3n que realiza el IPCC en cabeza de Bertha Arnedo, a quien le reconocen el esfuerzo mostrado hasta ahora por reavivar el verdadero significado del 11 de noviembre no solo para Cartagena sino para todo un pa\u00eds.<\/p>\n","protected":false},"excerpt":{"rendered":"<p>A ra\u00edz de la propuesta del concejal Am\u00e9rico Mendoza de poner sobre la mesa el tema de las Fiestas de Independencia para encontrar formas de ayudar a la administraci\u00f3n en su plan de revitalizaci\u00f3n de las mismas, se cit\u00f3 una audiencia para despejar\u00a0un cuestionario con las inquietudes del Concejo a Bertha Luc\u00eda Arnedo, directora del IPCC, quien lleg\u00f3 muy temprano a cumplir la cita. Dicho cuestionario abarcaba aspectos presupuestales, la posibilidad de conseguir que las fiestas sean reconocidas como Patrimonio Inmaterial de la Naci\u00f3n adem\u00e1s de aspectos organizacionales que tiene&#8230; <\/p>\n","protected":false},"author":3,"featured_media":14241,"comment_status":"open","ping_status":"closed","sticky":false,"template":"","format":"standard","meta":{"footnotes":"","_links_to":"","_links_to_target":""},"categories":[75,41],"tags":[],"class_list":["post-14213","post","type-post","status-publish","format-standard","has-post-thumbnail","hentry","category-destacada","category-cultura"],"_links":{"self":[{"href":"https:\/\/revistazetta.com\/index.php?rest_route=\/wp\/v2\/posts\/14213","targetHints":{"allow":["GET"]}}],"collection":[{"href":"https:\/\/revistazetta.com\/index.php?rest_route=\/wp\/v2\/posts"}],"about":[{"href":"https:\/\/revistazetta.com\/index.php?rest_route=\/wp\/v2\/types\/post"}],"author":[{"embeddable":true,"href":"https:\/\/revistazetta.com\/index.php?rest_route=\/wp\/v2\/users\/3"}],"replies":[{"embeddable":true,"href":"https:\/\/revistazetta.com\/index.php?rest_route=%2Fwp%2Fv2%2Fcomments&post=14213"}],"version-history":[{"count":0,"href":"https:\/\/revistazetta.com\/index.php?rest_route=\/wp\/v2\/posts\/14213\/revisions"}],"wp:featuredmedia":[{"embeddable":true,"href":"https:\/\/revistazetta.com\/index.php?rest_route=\/wp\/v2\/media\/14241"}],"wp:attachment":[{"href":"https:\/\/revistazetta.com\/index.php?rest_route=%2Fwp%2Fv2%2Fmedia&parent=14213"}],"wp:term":[{"taxonomy":"category","embeddable":true,"href":"https:\/\/revistazetta.com\/index.php?rest_route=%2Fwp%2Fv2%2Fcategories&post=14213"},{"taxonomy":"post_tag","embeddable":true,"href":"https:\/\/revistazetta.com\/index.php?rest_route=%2Fwp%2Fv2%2Ftags&post=14213"}],"curies":[{"name":"wp","href":"https:\/\/api.w.org\/{rel}","templated":true}]}}