{"id":14215,"date":"2016-07-02T05:21:04","date_gmt":"2016-07-02T10:21:04","guid":{"rendered":"http:\/\/www.revistazetta.com\/?p=14215"},"modified":"2016-07-02T05:21:04","modified_gmt":"2016-07-02T10:21:04","slug":"listo-convenio-entregar-viviendas-gratis-bolivar","status":"publish","type":"post","link":"https:\/\/revistazetta.com\/?p=14215","title":{"rendered":"Listo convenio para entregar viviendas gratis en Bol\u00edvar"},"content":{"rendered":"<p>En el Sal\u00f3n de la Paz del Centro Administrativo Departamental se realiz\u00f3 la firma de los convenios que entregar\u00e1n 980 viviendas gratis a igual n\u00famero de familias en los municipios de Clemencia, El Pe\u00f1on, Marialabaja, Turbana y Morales. El vicepresidente de la Rep\u00fablica, Germ\u00e1n Vargas Lleras; la ministra de Vivienda, Elsa Noguera, el Gobernador de Bol\u00edvar, Dumek Turbay Paz y los alcaldes municipales firmaron los convenios que mejorar\u00e1n la calidad de vida de los bolivarenses.<br \/>\n<img loading=\"lazy\" decoding=\"async\" src=\"https:\/\/www.revistazetta.com\/wp-content\/uploads\/2016\/07\/VG1-300x187.jpg\" alt=\"VG1\" width=\"300\" height=\"187\" class=\"alignleft size-medium wp-image-14217\" srcset=\"https:\/\/revistazetta.com\/wp-content\/uploads\/2016\/07\/VG1-300x187.jpg 300w, https:\/\/revistazetta.com\/wp-content\/uploads\/2016\/07\/VG1-234x146.jpg 234w, https:\/\/revistazetta.com\/wp-content\/uploads\/2016\/07\/VG1-50x31.jpg 50w, https:\/\/revistazetta.com\/wp-content\/uploads\/2016\/07\/VG1-120x75.jpg 120w, https:\/\/revistazetta.com\/wp-content\/uploads\/2016\/07\/VG1.jpg 570w\" sizes=\"auto, (max-width: 300px) 100vw, 300px\" \/><\/p>\n<p><img loading=\"lazy\" decoding=\"async\" src=\"https:\/\/www.revistazetta.com\/wp-content\/uploads\/2016\/07\/VG3-300x187.jpg\" alt=\"VG3\" width=\"300\" height=\"187\" class=\"alignleft size-medium wp-image-14218\" srcset=\"https:\/\/revistazetta.com\/wp-content\/uploads\/2016\/07\/VG3-300x187.jpg 300w, https:\/\/revistazetta.com\/wp-content\/uploads\/2016\/07\/VG3-234x146.jpg 234w, https:\/\/revistazetta.com\/wp-content\/uploads\/2016\/07\/VG3-50x31.jpg 50w, https:\/\/revistazetta.com\/wp-content\/uploads\/2016\/07\/VG3-120x75.jpg 120w, https:\/\/revistazetta.com\/wp-content\/uploads\/2016\/07\/VG3.jpg 570w\" sizes=\"auto, (max-width: 300px) 100vw, 300px\" \/><br \/>\nEl Vicepresidente felicit\u00f3 en el evento a los alcaldes que lograron disponer de los lotes para iniciar la construcci\u00f3n de estos proyectos. Es as\u00ed como en el municipio de Arroyohondo se construir\u00e1n 150 viviendas, en Clemencia 150, en El pe\u00f1\u00f3n 250, en Morales 180 y en Turbana 200. \u201cHoy abrimos una nueva convocatoria para todos los alcaldes de Bol\u00edvar, a fin de darles una nueva oportunidad. Esta segunda convocatoria ser\u00e1 para lotes p\u00fablicos o privados.  Cuentan con todo el compromiso de la Gobernaci\u00f3n, del Ministerio para ayudarles en lo que requieran\u201d, inform\u00f3 Vargas Lleras <\/p>\n<p>Agrega a adem\u00e1s que tienen cinco semanas para presentar las solicitudes y poder acceder a este programa.Por su parte, la ministra de Vivienda, Elsa Noguera resalt\u00f3 la labor del mandatario bolivarense en la consecuci\u00f3n de estos convenios: \u201cGran parte de lo que pasa en Bol\u00edvar es gracias al Gobernador Dumek.\u201d<\/p>\n<p><img loading=\"lazy\" decoding=\"async\" src=\"https:\/\/www.revistazetta.com\/wp-content\/uploads\/2016\/07\/VG4-300x187.jpg\" alt=\"VG4\" width=\"300\" height=\"187\" class=\"alignleft size-medium wp-image-14219\" srcset=\"https:\/\/revistazetta.com\/wp-content\/uploads\/2016\/07\/VG4-300x187.jpg 300w, https:\/\/revistazetta.com\/wp-content\/uploads\/2016\/07\/VG4-234x146.jpg 234w, https:\/\/revistazetta.com\/wp-content\/uploads\/2016\/07\/VG4-50x31.jpg 50w, https:\/\/revistazetta.com\/wp-content\/uploads\/2016\/07\/VG4-120x75.jpg 120w, https:\/\/revistazetta.com\/wp-content\/uploads\/2016\/07\/VG4.jpg 570w\" sizes=\"auto, (max-width: 300px) 100vw, 300px\" \/><\/p>\n<p><img loading=\"lazy\" decoding=\"async\" src=\"https:\/\/www.revistazetta.com\/wp-content\/uploads\/2016\/07\/VG5-300x187.jpg\" alt=\"VG5\" width=\"300\" height=\"187\" class=\"alignleft size-medium wp-image-14220\" srcset=\"https:\/\/revistazetta.com\/wp-content\/uploads\/2016\/07\/VG5-300x187.jpg 300w, https:\/\/revistazetta.com\/wp-content\/uploads\/2016\/07\/VG5-234x146.jpg 234w, https:\/\/revistazetta.com\/wp-content\/uploads\/2016\/07\/VG5-50x31.jpg 50w, https:\/\/revistazetta.com\/wp-content\/uploads\/2016\/07\/VG5-120x75.jpg 120w, https:\/\/revistazetta.com\/wp-content\/uploads\/2016\/07\/VG5.jpg 570w\" sizes=\"auto, (max-width: 300px) 100vw, 300px\" \/><br \/>\nEl gobernador indic\u00f3 que debi\u00f3 llamar la atenci\u00f3n de los alcaldes para no dejar pasar esta oportunidad. \u201cEran recursos que estuvieron en alto riesgo de perderse. Hace mes y medio fuimos notificados de la necesidad de realizar unas acciones administrativas en cada uno de los municipios que hoy han salido beneficiados y pusimos a todo el equipo de la Secretar\u00eda de H\u00e1bitat a trabajar en conjunto con los alcaldes\u201d. Agreg\u00f3 que la Gobernaci\u00f3n est\u00e1 lista para apoyar a los alcaldes y secretarios municipales para ayudarles a solicitar recursos ante el gobierno nacional para que el departamento siga avanzando en calidad de vida.<\/p>\n","protected":false},"excerpt":{"rendered":"<p>En el Sal\u00f3n de la Paz del Centro Administrativo Departamental se realiz\u00f3 la firma de los convenios que entregar\u00e1n 980 viviendas gratis a igual n\u00famero de familias en los municipios de Clemencia, El Pe\u00f1on, Marialabaja, Turbana y Morales. El vicepresidente de la Rep\u00fablica, Germ\u00e1n Vargas Lleras; la ministra de Vivienda, Elsa Noguera, el Gobernador de Bol\u00edvar, Dumek Turbay Paz y los alcaldes municipales firmaron los convenios que mejorar\u00e1n la calidad de vida de los bolivarenses. El Vicepresidente felicit\u00f3 en el evento a los alcaldes que lograron disponer de los lotes&#8230; <\/p>\n","protected":false},"author":3,"featured_media":14216,"comment_status":"open","ping_status":"closed","sticky":false,"template":"","format":"standard","meta":{"footnotes":"","_links_to":"","_links_to_target":""},"categories":[75,33],"tags":[],"class_list":["post-14215","post","type-post","status-publish","format-standard","has-post-thumbnail","hentry","category-destacada","category-actualidad-bolivar"],"_links":{"self":[{"href":"https:\/\/revistazetta.com\/index.php?rest_route=\/wp\/v2\/posts\/14215","targetHints":{"allow":["GET"]}}],"collection":[{"href":"https:\/\/revistazetta.com\/index.php?rest_route=\/wp\/v2\/posts"}],"about":[{"href":"https:\/\/revistazetta.com\/index.php?rest_route=\/wp\/v2\/types\/post"}],"author":[{"embeddable":true,"href":"https:\/\/revistazetta.com\/index.php?rest_route=\/wp\/v2\/users\/3"}],"replies":[{"embeddable":true,"href":"https:\/\/revistazetta.com\/index.php?rest_route=%2Fwp%2Fv2%2Fcomments&post=14215"}],"version-history":[{"count":0,"href":"https:\/\/revistazetta.com\/index.php?rest_route=\/wp\/v2\/posts\/14215\/revisions"}],"wp:featuredmedia":[{"embeddable":true,"href":"https:\/\/revistazetta.com\/index.php?rest_route=\/wp\/v2\/media\/14216"}],"wp:attachment":[{"href":"https:\/\/revistazetta.com\/index.php?rest_route=%2Fwp%2Fv2%2Fmedia&parent=14215"}],"wp:term":[{"taxonomy":"category","embeddable":true,"href":"https:\/\/revistazetta.com\/index.php?rest_route=%2Fwp%2Fv2%2Fcategories&post=14215"},{"taxonomy":"post_tag","embeddable":true,"href":"https:\/\/revistazetta.com\/index.php?rest_route=%2Fwp%2Fv2%2Ftags&post=14215"}],"curies":[{"name":"wp","href":"https:\/\/api.w.org\/{rel}","templated":true}]}}