{"id":14225,"date":"2016-07-05T06:31:01","date_gmt":"2016-07-05T11:31:01","guid":{"rendered":"http:\/\/www.revistazetta.com\/?p=14225"},"modified":"2016-07-05T06:31:01","modified_gmt":"2016-07-05T11:31:01","slug":"delincuencia-vuelve-robar-cables-luminarias-las-murallas","status":"publish","type":"post","link":"https:\/\/revistazetta.com\/?p=14225","title":{"rendered":"Delincuencia vuelve a robar cables y luminarias de las murallas"},"content":{"rendered":"<p>El hurto de un tramo de cables y de dos proyectores del sistema de iluminaci\u00f3n de las murallas de Cartagena dej\u00f3 a oscuras la zona contigua al Parque Apolo, emblem\u00e1tico sitio que tambi\u00e9n se encuentra a oscuras porque v\u00e1ndalos hurtaron cables, l\u00e1mparas y otros elementos del alumbrado hace varios dias.<\/p>\n<p>Luis Mej\u00eda Ch\u00e1vez, gerente T\u00e9cnico de la Concesi\u00f3n de Alumbrado P\u00fablico, precis\u00f3 que en la ma\u00f1ana de hoy se procedi\u00f3 a la recuperaci\u00f3n del circuito, reponiendo el cable hurtado.<\/p>\n<p>\u201cEs preocupante esta situaci\u00f3n porque, en los \u00faltimos d\u00edas, se han presentado robos en Puerto Duro y Parque Apolo. Adem\u00e1s, en Chambac\u00fa en el \u2018Skate Park\u2019, recientemente construido, se robaron todo el cableado y permanece  oscuras\u201d, dijo.<\/p>\n<p>Recalc\u00f3 que para recuperar el alumbrado de las zonas donde han hurtado el cable, en los \u00faltimos d\u00edas, se  requiere invertir m\u00e1s de 80 millones de pesos.<\/p>\n<p>Mej\u00eda Ch\u00e1vez llam\u00f3 la atenci\u00f3n de las autoridades y en general de la ciudadan\u00eda para que denuncien cualquier acto sospechoso a la l\u00ednea de atenci\u00f3n 123 o comunicarse al Concesionario de Alumbrado P\u00fablico al 6535654.<\/p>\n<p>\u201cEs importante recordar que inversiones que se efect\u00faen para recuperar infraestructura destruida por actos vand\u00e1licos o hurtada es una inversi\u00f3n que se dejar\u00e1 de hacer en los sectores en donde realmente se necesita este servicio\u201d. <\/p>\n","protected":false},"excerpt":{"rendered":"<p>El hurto de un tramo de cables y de dos proyectores del sistema de iluminaci\u00f3n de las murallas de Cartagena dej\u00f3 a oscuras la zona contigua al Parque Apolo, emblem\u00e1tico sitio que tambi\u00e9n se encuentra a oscuras porque v\u00e1ndalos hurtaron cables, l\u00e1mparas y otros elementos del alumbrado hace varios dias. Luis Mej\u00eda Ch\u00e1vez, gerente T\u00e9cnico de la Concesi\u00f3n de Alumbrado P\u00fablico, precis\u00f3 que en la ma\u00f1ana de hoy se procedi\u00f3 a la recuperaci\u00f3n del circuito, reponiendo el cable hurtado. \u201cEs preocupante esta situaci\u00f3n porque, en los \u00faltimos d\u00edas, se han&#8230; <\/p>\n","protected":false},"author":3,"featured_media":0,"comment_status":"open","ping_status":"closed","sticky":false,"template":"","format":"standard","meta":{"footnotes":"","_links_to":"","_links_to_target":""},"categories":[2],"tags":[],"class_list":["post-14225","post","type-post","status-publish","format-standard","hentry","category-actualidad"],"_links":{"self":[{"href":"https:\/\/revistazetta.com\/index.php?rest_route=\/wp\/v2\/posts\/14225","targetHints":{"allow":["GET"]}}],"collection":[{"href":"https:\/\/revistazetta.com\/index.php?rest_route=\/wp\/v2\/posts"}],"about":[{"href":"https:\/\/revistazetta.com\/index.php?rest_route=\/wp\/v2\/types\/post"}],"author":[{"embeddable":true,"href":"https:\/\/revistazetta.com\/index.php?rest_route=\/wp\/v2\/users\/3"}],"replies":[{"embeddable":true,"href":"https:\/\/revistazetta.com\/index.php?rest_route=%2Fwp%2Fv2%2Fcomments&post=14225"}],"version-history":[{"count":0,"href":"https:\/\/revistazetta.com\/index.php?rest_route=\/wp\/v2\/posts\/14225\/revisions"}],"wp:attachment":[{"href":"https:\/\/revistazetta.com\/index.php?rest_route=%2Fwp%2Fv2%2Fmedia&parent=14225"}],"wp:term":[{"taxonomy":"category","embeddable":true,"href":"https:\/\/revistazetta.com\/index.php?rest_route=%2Fwp%2Fv2%2Fcategories&post=14225"},{"taxonomy":"post_tag","embeddable":true,"href":"https:\/\/revistazetta.com\/index.php?rest_route=%2Fwp%2Fv2%2Ftags&post=14225"}],"curies":[{"name":"wp","href":"https:\/\/api.w.org\/{rel}","templated":true}]}}