{"id":14228,"date":"2016-07-05T06:40:13","date_gmt":"2016-07-05T11:40:13","guid":{"rendered":"http:\/\/www.revistazetta.com\/?p=14228"},"modified":"2016-07-05T06:40:13","modified_gmt":"2016-07-05T11:40:13","slug":"alcalde-entrego-viviendas-gratis-desplazados-la-violencia","status":"publish","type":"post","link":"https:\/\/revistazetta.com\/?p=14228","title":{"rendered":"Alcalde entreg\u00f3 viviendas gratis a desplazados por la violencia"},"content":{"rendered":"<p>M\u00e1s de 15 a\u00f1os debi\u00f3 esperar a la se\u00f1ora Alejandra Aguas para obtener el beneficio de una vivienda propia desde que lleg\u00f3 a Cartagena, desplazada por la violencia en su natal San Jacinto del Cauca, Sur de Bol\u00edvar.<\/p>\n<p>La de ella es una de las 19 familias a las que desde este fin de semana les cambi\u00f3 la vida, tras recibir una vivienda digna.<\/p>\n<p>\u201cLuego de tanto tiempo, por fin gracias a Dios y al Alcalde Manolo Duque tengo mi vivienda propia. En San Jacinto dejamos los animales, la tierra y los muertos, salimos s\u00f3lo con la ropa que ten\u00edamos puesta. Durante mucho tiempo rodamos por varios barrios de Cartagena, hasta hoy que ya tenemos nuestra casa\u201d, dijo con emoci\u00f3n al recibir las llaves.<\/p>\n<p>Las viviendas entregadas est\u00e1n ubicadas en el mega proyecto Ciudad Bicentenario. Son tipo VIP de dos plantas, constan de sala, comedor, dos cuartos, patio y espacios para su aplicaci\u00f3n. El costo por vivienda es de 48 millones de pesos, subsidiados en su totalidad por el Distrito dentro de su pol\u00edtica Primero la Gente.<\/p>\n<p>La de do\u00f1a Alejandra es tan solo una de las 980 historias de vida que se van conociendo con cada una de las viviendas que se proyecta entregar antes de que culmine el 2016.<\/p>\n<p>\u201cEn la actualidad Corvivienda se prepara para una nueva oferta institucional la que se pondr\u00e1 a consideraci\u00f3n del 11 al 17 de julio, en la Feria de Vivienda \u2018Casa Pa Mi Gente\u2019. Recuerden el tr\u00e1mite es gratis\u201d, explic\u00f3 el Alcalde Duque.<\/p>\n<p>El mandatario explic\u00f3 que ante el Gobierno Nacional y la Ministra de Vivienda, Elsa Noguera, se han hecho gestiones para que sean muchos m\u00e1s los grupos poblacionales beneficiados, tales como los que est\u00e1n en condici\u00f3n de discapacidad, afectados por olas invernales y m\u00e1s desplazados por la violencia que habitan en Cartagena.<\/p>\n<p>\u201cEsta es una deuda que en el gobierno de Primero La Gente, estamos dispuestos a saldar mediante las gestiones pertinentes\u201d, puntualiz\u00f3 el mandatario distrital.<\/p>\n<p>Para participar en la feria \u2018Corvivienda Primero la Gente\u2019, las personas interesadas se deben inscribir a trav\u00e9s de la p\u00e1gina web de la entidad www.corvivienda.gov.co<\/p>\n","protected":false},"excerpt":{"rendered":"<p>M\u00e1s de 15 a\u00f1os debi\u00f3 esperar a la se\u00f1ora Alejandra Aguas para obtener el beneficio de una vivienda propia desde que lleg\u00f3 a Cartagena, desplazada por la violencia en su natal San Jacinto del Cauca, Sur de Bol\u00edvar. La de ella es una de las 19 familias a las que desde este fin de semana les cambi\u00f3 la vida, tras recibir una vivienda digna. \u201cLuego de tanto tiempo, por fin gracias a Dios y al Alcalde Manolo Duque tengo mi vivienda propia. En San Jacinto dejamos los animales, la tierra&#8230; <\/p>\n","protected":false},"author":3,"featured_media":14229,"comment_status":"open","ping_status":"closed","sticky":false,"template":"","format":"standard","meta":{"footnotes":"","_links_to":"","_links_to_target":""},"categories":[75,32],"tags":[],"class_list":["post-14228","post","type-post","status-publish","format-standard","has-post-thumbnail","hentry","category-destacada","category-actualidad-distrito"],"_links":{"self":[{"href":"https:\/\/revistazetta.com\/index.php?rest_route=\/wp\/v2\/posts\/14228","targetHints":{"allow":["GET"]}}],"collection":[{"href":"https:\/\/revistazetta.com\/index.php?rest_route=\/wp\/v2\/posts"}],"about":[{"href":"https:\/\/revistazetta.com\/index.php?rest_route=\/wp\/v2\/types\/post"}],"author":[{"embeddable":true,"href":"https:\/\/revistazetta.com\/index.php?rest_route=\/wp\/v2\/users\/3"}],"replies":[{"embeddable":true,"href":"https:\/\/revistazetta.com\/index.php?rest_route=%2Fwp%2Fv2%2Fcomments&post=14228"}],"version-history":[{"count":0,"href":"https:\/\/revistazetta.com\/index.php?rest_route=\/wp\/v2\/posts\/14228\/revisions"}],"wp:featuredmedia":[{"embeddable":true,"href":"https:\/\/revistazetta.com\/index.php?rest_route=\/wp\/v2\/media\/14229"}],"wp:attachment":[{"href":"https:\/\/revistazetta.com\/index.php?rest_route=%2Fwp%2Fv2%2Fmedia&parent=14228"}],"wp:term":[{"taxonomy":"category","embeddable":true,"href":"https:\/\/revistazetta.com\/index.php?rest_route=%2Fwp%2Fv2%2Fcategories&post=14228"},{"taxonomy":"post_tag","embeddable":true,"href":"https:\/\/revistazetta.com\/index.php?rest_route=%2Fwp%2Fv2%2Ftags&post=14228"}],"curies":[{"name":"wp","href":"https:\/\/api.w.org\/{rel}","templated":true}]}}