{"id":14233,"date":"2016-07-05T07:22:20","date_gmt":"2016-07-05T12:22:20","guid":{"rendered":"http:\/\/www.revistazetta.com\/?p=14233"},"modified":"2016-07-05T07:24:37","modified_gmt":"2016-07-05T12:24:37","slug":"empresario-emilio-lara-nos-incumplio-ag-producciones","status":"publish","type":"post","link":"https:\/\/revistazetta.com\/?p=14233","title":{"rendered":"\u00abEmpresario Emilio Lara nos incumpli\u00f3\u00bb: AG Producciones"},"content":{"rendered":"<div id=\"yui_3_16_0_ym19_1_1467719315741_2076\" class=\"yiv6844148314module yiv6844148314text\">\n<p>La firma AG Producciones, que representa en Colombia a varios artistas internacionales, entre ellos Andy Monta\u00f1ez, expidi\u00f3 este comunicado a prop\u00f3sito del fallido concierto del pasado 2 de julio en el parque de la Marina.<\/p>\n<table id=\"yui_3_16_0_ym19_1_1467719315741_2075\" width=\"100%\">\n<tbody id=\"yui_3_16_0_ym19_1_1467719315741_2074\">\n<tr id=\"yui_3_16_0_ym19_1_1467719315741_2073\">\n<td id=\"yui_3_16_0_ym19_1_1467719315741_2072\" align=\"left\" width=\"530\">\n<div id=\"yui_3_16_0_ym19_1_1467719315741_2071\" class=\"yiv6844148314madmimi-text-container\">\n<p>&nbsp;<\/p>\n<p>Esa es la verdad con respecto al por qu\u00e9 no se presentaron los artistas internacionales el pasado 2 de julio, en el parque\u00a0La Marina, de la ciudad de Cartagena, en el marco del Son Caribe Fest, que contar\u00eda con la presencia, adem\u00e1s de Andy Monta\u00f1\u00e9z, de su paisano Maelo Ruiz, La Orquesta Arag\u00f3n de Cuba y el artista nacional Danny Daniel.<\/p>\n<p id=\"yui_3_16_0_ym19_1_1467719315741_2070\">Los constantes incumplimientos presentados por parte de Emiro Lara, cabeza visible del festival, en la cancelaci\u00f3n del respectivo anticipo, as\u00ed como tambi\u00e9n en las dificultades que se presentaron para definir el sitio en el que se realizar\u00eda el evento, que inicialmente se dise\u00f1\u00f3 para la Plaza De Toros y posteriormente para la Plaza de La Aduana, hac\u00edan preveer lo peor.<\/p>\n<\/div>\n<\/td>\n<\/tr>\n<\/tbody>\n<\/table>\n<\/div>\n<div id=\"yui_3_16_0_ym19_1_1467719315741_2325\" class=\"yiv6844148314module yiv6844148314combo-right\">\n<table id=\"yui_3_16_0_ym19_1_1467719315741_2324\" width=\"100%\">\n<tbody id=\"yui_3_16_0_ym19_1_1467719315741_2323\">\n<tr id=\"yui_3_16_0_ym19_1_1467719315741_2322\">\n<td id=\"yui_3_16_0_ym19_1_1467719315741_2321\" align=\"left\" width=\"530\">\n<table id=\"yui_3_16_0_ym19_1_1467719315741_2320\" width=\"351\" align=\"right\">\n<tbody id=\"yui_3_16_0_ym19_1_1467719315741_2319\">\n<tr id=\"yui_3_16_0_ym19_1_1467719315741_2318\">\n<td id=\"yui_3_16_0_ym19_1_1467719315741_2317\" align=\"right\">\n<div class=\"yiv6844148314madmimi-image-container\"><img loading=\"lazy\" decoding=\"async\" src=\"https:\/\/cascade.madmimi.com\/promotion_images\/1330\/1129\/original\/IMG-20160702-WA0014.jpg?1467639314\" alt=\"IMG-20160702-WA0014\" width=\"321\" height=\"181\" \/><\/div>\n<\/td>\n<\/tr>\n<\/tbody>\n<\/table>\n<div id=\"yui_3_16_0_ym19_1_1467719315741_2327\" class=\"yiv6844148314madmimi-text-container\">\n<p id=\"yui_3_16_0_ym19_1_1467719315741_2326\">AG Producciones, consiente del compromiso que tiene con cada uno de sus artistas y en este caso con Andy Monta\u00f1\u00e9z, quien cumple ya 8 a\u00f1os de ser su artista exclusivo, le plante\u00f3 en varias oportunidades al se\u00f1or Emiro Lara la cancelaci\u00f3n del evento, para evitar la llegada del salsero boricua y su staff a Cartagena y posteriormente tener que regresar a su pa\u00eds sin cumplir su compromiso por causas ajenas a su organizaci\u00f3n o a las de AG Producciones.<\/p>\n<p id=\"yui_3_16_0_ym19_1_1467719315741_2328\">Andy Monta\u00f1\u00e9z lleg\u00f3 la noche anterior a la ciudad de Cartagena y realiz\u00f3 un intenso plan promocional que inclu\u00eda hasta una firma de aut\u00f3grafos en un reconocido centro comercial de la ciudad. Con paciencia y su reconocida calidad humana y simpat\u00eda, cumpli\u00f3 con los compromisos promocionales sugeridos para reforzar la promoci\u00f3n del Son Caribe Fest.<\/p>\n<\/div>\n<\/td>\n<\/tr>\n<\/tbody>\n<\/table>\n<\/div>\n<div class=\"yiv6844148314module yiv6844148314large-image-container yiv6844148314image\">\n<table width=\"100%\">\n<tbody>\n<tr>\n<td align=\"left\" width=\"530\">\n<table width=\"530\" align=\"center\">\n<tbody>\n<tr>\n<td valign=\"top\">\n<div class=\"yiv6844148314madmimi-image-container\" align=\"center\"><img loading=\"lazy\" decoding=\"async\" src=\"https:\/\/cascade.madmimi.com\/promotion_images\/1330\/1130\/original\/IMG-20160702-WA0011.jpg?1467639318\" alt=\"IMG-20160702-WA0011\" width=\"530\" height=\"298\" \/><\/div>\n<\/td>\n<\/tr>\n<\/tbody>\n<\/table>\n<\/td>\n<\/tr>\n<\/tbody>\n<\/table>\n<\/div>\n<div class=\"yiv6844148314module yiv6844148314text\">\n<table width=\"100%\">\n<tbody>\n<tr>\n<td align=\"left\" width=\"530\">\n<div class=\"yiv6844148314madmimi-text-container\">\n<p>Emiro Lara nunca demostr\u00f3 la solvencia econ\u00f3mica suficiente para realizar un evento de la magnitud del Son Caribe Fest y se presume que al no recoger la cantidad de dinero necesaria en taquilla, para cumplir con los artistas invitados, no pudo cumplir ni con ellos, ni con la ciudad de Cartagena.<\/p>\n<\/div>\n<\/td>\n<\/tr>\n<\/tbody>\n<\/table>\n<\/div>\n<div class=\"yiv6844148314module yiv6844148314large-image-container yiv6844148314image\">\n<table width=\"100%\">\n<tbody>\n<tr>\n<td align=\"left\" width=\"530\">\n<table width=\"530\" align=\"center\">\n<tbody>\n<tr>\n<td valign=\"top\">\n<div class=\"yiv6844148314madmimi-image-container\" align=\"center\"><img loading=\"lazy\" decoding=\"async\" src=\"https:\/\/cascade.madmimi.com\/promotion_images\/1319\/6789\/original\/1ab84ceb-af89-46e2-8d01-9d210c3881e1.jpg?1466448566\" alt=\"1ab84ceb-af89-46e2-8d01-9d210c3881e1\" width=\"530\" height=\"381\" \/><\/div>\n<\/td>\n<\/tr>\n<\/tbody>\n<\/table>\n<\/td>\n<\/tr>\n<\/tbody>\n<\/table>\n<\/div>\n<div class=\"yiv6844148314module yiv6844148314large-image-container yiv6844148314image\">\n<table width=\"100%\">\n<tbody>\n<tr>\n<td align=\"left\" width=\"530\">\n<table width=\"530\" align=\"center\">\n<tbody>\n<tr>\n<td valign=\"top\">\n<div class=\"yiv6844148314madmimi-image-container\" align=\"center\"><a href=\"https:\/\/sable.madmimi.com\/click?id=22584.861457.2302.1.02c76827fbefdd2a6a1cbfa4038b8d76\" target=\"_blank\" rel=\"nofollow noopener\"><img loading=\"lazy\" decoding=\"async\" src=\"https:\/\/cascade.madmimi.com\/promotion_images\/1325\/6863\/original\/AG_-_DDESCARGA_FOLIO.jpg?1467125788\" alt=\"AG - DDESCARGA FOLIO\" width=\"530\" height=\"359\" \/><\/a><\/div>\n<\/td>\n<\/tr>\n<\/tbody>\n<\/table>\n<\/td>\n<\/tr>\n<\/tbody>\n<\/table>\n<\/div>\n<div id=\"yui_3_16_0_ym19_1_1467719315741_2345\" class=\"yiv6844148314module yiv6844148314text\">\n<table id=\"yui_3_16_0_ym19_1_1467719315741_2344\" width=\"100%\">\n<tbody id=\"yui_3_16_0_ym19_1_1467719315741_2343\">\n<tr id=\"yui_3_16_0_ym19_1_1467719315741_2342\">\n<td id=\"yui_3_16_0_ym19_1_1467719315741_2341\" align=\"left\" width=\"530\">\n<div id=\"yui_3_16_0_ym19_1_1467719315741_2347\" class=\"yiv6844148314madmimi-text-container\">\n<p>Fue as\u00ed como Danny Daniel logr\u00f3, despu\u00e9s de varias horas de retraso, arrancar su presentaci\u00f3n, para convertirse en el \u00fanico artista que se present\u00f3 en el Son Caribe Fest y ser testigo presencial de los desmanes que se derivaron en La Plaza De La Marina, por el incumplimiento del empresario Emiro Lara, quien fue el \u00fanico culpable de lo sucedido esa noche en Cartagena.<\/p>\n<p id=\"yui_3_16_0_ym19_1_1467719315741_2346\">\u00c1lvaro G\u00f3mez Cuartas<br \/>\nAG Producciones<br \/>\nManager<\/p>\n<\/div>\n<\/td>\n<\/tr>\n<\/tbody>\n<\/table>\n<\/div>\n","protected":false},"excerpt":{"rendered":"<p>La firma AG Producciones, que representa en Colombia a varios artistas internacionales, entre ellos Andy Monta\u00f1ez, expidi\u00f3 este comunicado a prop\u00f3sito del fallido concierto del pasado 2 de julio en el parque de la Marina. &nbsp; Esa es la verdad con respecto al por qu\u00e9 no se presentaron los artistas internacionales el pasado 2 de julio, en el parque\u00a0La Marina, de la ciudad de Cartagena, en el marco del Son Caribe Fest, que contar\u00eda con la presencia, adem\u00e1s de Andy Monta\u00f1\u00e9z, de su paisano Maelo Ruiz, La Orquesta Arag\u00f3n de&#8230; <\/p>\n","protected":false},"author":3,"featured_media":14234,"comment_status":"open","ping_status":"closed","sticky":false,"template":"","format":"standard","meta":{"footnotes":"","_links_to":"","_links_to_target":""},"categories":[75],"tags":[],"class_list":["post-14233","post","type-post","status-publish","format-standard","has-post-thumbnail","hentry","category-destacada"],"_links":{"self":[{"href":"https:\/\/revistazetta.com\/index.php?rest_route=\/wp\/v2\/posts\/14233","targetHints":{"allow":["GET"]}}],"collection":[{"href":"https:\/\/revistazetta.com\/index.php?rest_route=\/wp\/v2\/posts"}],"about":[{"href":"https:\/\/revistazetta.com\/index.php?rest_route=\/wp\/v2\/types\/post"}],"author":[{"embeddable":true,"href":"https:\/\/revistazetta.com\/index.php?rest_route=\/wp\/v2\/users\/3"}],"replies":[{"embeddable":true,"href":"https:\/\/revistazetta.com\/index.php?rest_route=%2Fwp%2Fv2%2Fcomments&post=14233"}],"version-history":[{"count":0,"href":"https:\/\/revistazetta.com\/index.php?rest_route=\/wp\/v2\/posts\/14233\/revisions"}],"wp:featuredmedia":[{"embeddable":true,"href":"https:\/\/revistazetta.com\/index.php?rest_route=\/wp\/v2\/media\/14234"}],"wp:attachment":[{"href":"https:\/\/revistazetta.com\/index.php?rest_route=%2Fwp%2Fv2%2Fmedia&parent=14233"}],"wp:term":[{"taxonomy":"category","embeddable":true,"href":"https:\/\/revistazetta.com\/index.php?rest_route=%2Fwp%2Fv2%2Fcategories&post=14233"},{"taxonomy":"post_tag","embeddable":true,"href":"https:\/\/revistazetta.com\/index.php?rest_route=%2Fwp%2Fv2%2Ftags&post=14233"}],"curies":[{"name":"wp","href":"https:\/\/api.w.org\/{rel}","templated":true}]}}