{"id":14238,"date":"2016-07-05T18:07:26","date_gmt":"2016-07-05T23:07:26","guid":{"rendered":"http:\/\/www.revistazetta.com\/?p=14238"},"modified":"2016-07-06T06:10:28","modified_gmt":"2016-07-06T11:10:28","slug":"libertad-los-cincos-capturados-caso-edurbe","status":"publish","type":"post","link":"https:\/\/revistazetta.com\/?p=14238","title":{"rendered":"Libertad a los cincos capturados por caso Edurbe"},"content":{"rendered":"<div id=\"attachment_14278\" style=\"width: 250px\" class=\"wp-caption alignright\"><img loading=\"lazy\" decoding=\"async\" aria-describedby=\"caption-attachment-14278\" class=\"wp-image-14278 size-medium\" src=\"https:\/\/www.revistazetta.com\/wp-content\/uploads\/2016\/07\/Edurbe-11-240x300.jpg\" alt=\"Edurbe 11\" width=\"240\" height=\"300\" srcset=\"https:\/\/revistazetta.com\/wp-content\/uploads\/2016\/07\/Edurbe-11-240x300.jpg 240w, https:\/\/revistazetta.com\/wp-content\/uploads\/2016\/07\/Edurbe-11-117x146.jpg 117w, https:\/\/revistazetta.com\/wp-content\/uploads\/2016\/07\/Edurbe-11-40x50.jpg 40w, https:\/\/revistazetta.com\/wp-content\/uploads\/2016\/07\/Edurbe-11-60x75.jpg 60w, https:\/\/revistazetta.com\/wp-content\/uploads\/2016\/07\/Edurbe-11.jpg 480w\" sizes=\"auto, (max-width: 240px) 100vw, 240px\" \/><p id=\"caption-attachment-14278\" class=\"wp-caption-text\">Ram\u00f3n David Exp\u00f3sito al salir en libertad, demostrada su inocencia.<\/p><\/div>\n<p>El Juez D\u00e9cimo Segundo Penal Municipal con Funciones de Control de Garant\u00edas de Cartagena decret\u00f3 la libertad de los cinco implicados hasta ahora en presuntas irregularidades en Edurbe, al no recibir pruebas que indicaran alg\u00fan tipo de responsabilidad.<br \/>\nEl funcionario determin\u00f3 la no imposici\u00f3n de medida de aseguramiento en establecimiento carcelario en favor del ex gerente Ram\u00f3n Exp\u00f3sito V\u00e9lez y el exalcalde menor Mauricio Betancourt Cardona, por encontrar que estos no cometieron los delitos de celebraci\u00f3n indebida de contratos, peculado por apropiaci\u00f3n en favor de terceros, prevaricato por omisi\u00f3n.<br \/>\nEn igual sentido, respecto de los interventores Boris Basilio Burgos Burgos y Alfonso Echeverr\u00eda Su\u00e1rez, no se encontr\u00f3 m\u00e9rito para predicar responsabilidad por los delitos de celebraci\u00f3n indebida de contratos y peculado por apropiaci\u00f3n en favor de terceros.<br \/>\nEn cuanto a la conducta imputada a Exp\u00f3sito V\u00e9lez con respecto al delito de abuso de autoridad por omisi\u00f3n de denuncia, la propia Fiscal\u00eda retir\u00f3 la imputaci\u00f3n habida cuenta que \u00e9ste, desde el momento que asumi\u00f3 la Gerencia de Edurbe, puso en conocimiento de los \u00f3rganos de control las presuntas irregularidades encontradas.<br \/>\nEn cuanto al exalcalde menor Amaury Lora M\u00e1rquez, se encontr\u00f3 la necesidad de imponer medidas de aseguramiento no privativas de la libertad, entre otras la imposici\u00f3n de una cauci\u00f3n prendaria en una aproximada de treinta (30) salarios m\u00ednimos legales mensuales vigentes.<br \/>\nEl juez Jos\u00e9 Luis Sep\u00falveda orden\u00f3 la libertad inmediata de los imputados, quienes salieron hacia sus residencias sin restricci\u00e7on alguna.<br \/>\nEl proceso continua su marcha en el escenario judicial de Cartagena ante el Juez de conocimiento que asuma el caso.<\/p>\n<div id=\"attachment_14279\" style=\"width: 310px\" class=\"wp-caption alignleft\"><img loading=\"lazy\" decoding=\"async\" aria-describedby=\"caption-attachment-14279\" class=\"wp-image-14279 size-medium\" src=\"https:\/\/www.revistazetta.com\/wp-content\/uploads\/2016\/07\/Edurbe-22-300x188.jpg\" alt=\"Edurbe 22\" width=\"300\" height=\"188\" srcset=\"https:\/\/revistazetta.com\/wp-content\/uploads\/2016\/07\/Edurbe-22-300x188.jpg 300w, https:\/\/revistazetta.com\/wp-content\/uploads\/2016\/07\/Edurbe-22-234x146.jpg 234w, https:\/\/revistazetta.com\/wp-content\/uploads\/2016\/07\/Edurbe-22-50x31.jpg 50w, https:\/\/revistazetta.com\/wp-content\/uploads\/2016\/07\/Edurbe-22-120x75.jpg 120w, https:\/\/revistazetta.com\/wp-content\/uploads\/2016\/07\/Edurbe-22.jpg 576w\" sizes=\"auto, (max-width: 300px) 100vw, 300px\" \/><p id=\"caption-attachment-14279\" class=\"wp-caption-text\">Mauricio Betancourt, Alfonso Echeverr\u00eda y Boris Burgos, en libertad al demostrar su inocencia.<\/p><\/div>\n<p><strong>Edurbe: Fiscal\u00eda retir\u00f3 un cargo y Procuradur\u00eda pidi\u00f3 libertad<\/strong><br \/>\nEn d\u00edas pasados la Procuradur\u00eda General de la Naci\u00f3n hab\u00eda solicitado la libertad de todos los implicados en el caso Edurbe, a la par que la Fiscal\u00eda retiraba la imputaci\u00f3n de un delito sobre el gerente de la entidad, Ram\u00f3n David Exp\u00f3sito.<br \/>\n\u201cAbuso de autoridad por omisi\u00f3n de denuncia\u201d es el delito que la Fiscal\u00eda retir\u00f3, y solo quedaba en discusi\u00f3n la imputaci\u00f3n por peculado por apropiaci\u00f3n a favor de terceros y celebraci\u00f3n indebida de contratos, los que fueron rebatidos sistem\u00e1ticamente por la defensa.<br \/>\nLa Procuradur\u00eda formul\u00f3 la solicitud de libertad en raz\u00f3n a la atipicidad, es decir, inexistencia de delitos por parte de los hasta ahora encartados.<\/p>\n<p><strong>Antecedentes<\/strong><br \/>\nHechos oucrridos en 2011 y a\u00f1os anteriores en Edurbe motivaron una investigaci\u00f3n de la Fiscal\u00eda por la que fueron privados de la libertad algunos ex funcionarios distritales y el actual gerente de Edurbe, Ram\u00f3n David Exp\u00f3sito V\u00e9lez, quien lleg\u00f3 al cargo en 2012 y fue uno de los denunciantes de situaciones encontradas.<br \/>\nLos cargos que afrontaban son peculado por apropiaci\u00f3n, contrato sin el lleno de los requisitos legales, abuso de autoridad por omisi\u00f3n de denuncia y prevaricato.<\/p>\n<p><strong>Exp\u00f3sito no estaba cuando sucedieron los hechos<\/strong><br \/>\nLa captura que m\u00e1s sorprende fue la de Exp\u00f3sito V\u00e9lez, actual gerente de Edurbe, un economista que siempre trabaj\u00f3 en el \u00e1mbito privado, principalmente como director de una fundaci\u00f3n especializada en cooperaci\u00f3n internacional y emprendimiento.<br \/>\nLleg\u00f3 a la entidad en 2012, nombrado por el entonces alcalde Campo El\u00edas Ter\u00e1n, y encontr\u00f3 una entidad resquebrajada por la ineficiencia y corrupci\u00f3n. De inemdiato se propuso reorganizarla, rescatarla y pornerla en marcha.<br \/>\nSin embargo se vio afectado por la inestabilidad en el Despacho del Alcalde, con la suspensi\u00f3n del cargo y porterior muerte del alcalde Ter\u00e1n, los alcaldes sucesivos encargados y la elecci\u00f3n de Dionisio V\u00e9lez, quien le cerr\u00f3 los espacios e incluso pretendi\u00f3 liquidar a Edurbe, a lo que se opuso Exp\u00f3sito V\u00e9lez.<br \/>\nPor tanto, bajo su gesti\u00f3n no se presentaron las jugosas contrataciones de gestiones anteriores, las mismas que ameritaron las indagaciones de ls organismos de control.<br \/>\nNota relacionada:<br \/>\nPor hechos ocurridos antes de ser gerente de Edurbe, no se explica por qu\u00e9 capturaron a Exp\u00f3sito<\/p>\n<blockquote class=\"wp-embedded-content\" data-secret=\"zVfzYOKyZ7\"><p><a href=\"https:\/\/revistazetta.com\/?p=14004\">Por hechos ocurridos antes de ser gerente de Edurbe, no se explica por qu\u00e9 capturaron a Exp\u00f3sito<\/a><\/p><\/blockquote>\n<p><iframe loading=\"lazy\" class=\"wp-embedded-content\" sandbox=\"allow-scripts\" security=\"restricted\" style=\"position: absolute; clip: rect(1px, 1px, 1px, 1px);\" title=\"\u00abPor hechos ocurridos antes de ser gerente de Edurbe, no se explica por qu\u00e9 capturaron a Exp\u00f3sito\u00bb \u2014 RevistaZetta.com\" src=\"https:\/\/revistazetta.com\/?p=14004&#038;embed=true#?secret=HOnXYqXAiF#?secret=zVfzYOKyZ7\" data-secret=\"zVfzYOKyZ7\" width=\"500\" height=\"282\" frameborder=\"0\" marginwidth=\"0\" marginheight=\"0\" scrolling=\"no\"><\/iframe><\/p>\n","protected":false},"excerpt":{"rendered":"<p>El Juez D\u00e9cimo Segundo Penal Municipal con Funciones de Control de Garant\u00edas de Cartagena decret\u00f3 la libertad de los cinco implicados hasta ahora en presuntas irregularidades en Edurbe, al no recibir pruebas que indicaran alg\u00fan tipo de responsabilidad. El funcionario determin\u00f3 la no imposici\u00f3n de medida de aseguramiento en establecimiento carcelario en favor del ex gerente Ram\u00f3n Exp\u00f3sito V\u00e9lez y el exalcalde menor Mauricio Betancourt Cardona, por encontrar que estos no cometieron los delitos de celebraci\u00f3n indebida de contratos, peculado por apropiaci\u00f3n en favor de terceros, prevaricato por omisi\u00f3n. En&#8230; <\/p>\n","protected":false},"author":3,"featured_media":14277,"comment_status":"open","ping_status":"closed","sticky":false,"template":"","format":"standard","meta":{"footnotes":"","_links_to":"","_links_to_target":""},"categories":[2,75],"tags":[],"class_list":["post-14238","post","type-post","status-publish","format-standard","has-post-thumbnail","hentry","category-actualidad","category-destacada"],"_links":{"self":[{"href":"https:\/\/revistazetta.com\/index.php?rest_route=\/wp\/v2\/posts\/14238","targetHints":{"allow":["GET"]}}],"collection":[{"href":"https:\/\/revistazetta.com\/index.php?rest_route=\/wp\/v2\/posts"}],"about":[{"href":"https:\/\/revistazetta.com\/index.php?rest_route=\/wp\/v2\/types\/post"}],"author":[{"embeddable":true,"href":"https:\/\/revistazetta.com\/index.php?rest_route=\/wp\/v2\/users\/3"}],"replies":[{"embeddable":true,"href":"https:\/\/revistazetta.com\/index.php?rest_route=%2Fwp%2Fv2%2Fcomments&post=14238"}],"version-history":[{"count":0,"href":"https:\/\/revistazetta.com\/index.php?rest_route=\/wp\/v2\/posts\/14238\/revisions"}],"wp:featuredmedia":[{"embeddable":true,"href":"https:\/\/revistazetta.com\/index.php?rest_route=\/wp\/v2\/media\/14277"}],"wp:attachment":[{"href":"https:\/\/revistazetta.com\/index.php?rest_route=%2Fwp%2Fv2%2Fmedia&parent=14238"}],"wp:term":[{"taxonomy":"category","embeddable":true,"href":"https:\/\/revistazetta.com\/index.php?rest_route=%2Fwp%2Fv2%2Fcategories&post=14238"},{"taxonomy":"post_tag","embeddable":true,"href":"https:\/\/revistazetta.com\/index.php?rest_route=%2Fwp%2Fv2%2Ftags&post=14238"}],"curies":[{"name":"wp","href":"https:\/\/api.w.org\/{rel}","templated":true}]}}