{"id":14247,"date":"2016-07-06T05:04:55","date_gmt":"2016-07-06T10:04:55","guid":{"rendered":"http:\/\/www.revistazetta.com\/?p=14247"},"modified":"2016-07-06T05:04:55","modified_gmt":"2016-07-06T10:04:55","slug":"centro-proteccion-animales-desamparados-bolivar","status":"publish","type":"post","link":"https:\/\/revistazetta.com\/?p=14247","title":{"rendered":"Centro de protecci\u00f3n para animales desamparados en Bol\u00edvar"},"content":{"rendered":"<p>Miembros de organizaciones protectoras de animales se reunieron con el gobernador Dumek Turbay para concretar la construcci\u00f3n de un centro de protecci\u00f3n, atenci\u00f3n y apoyo para animales desamparados.<\/p>\n<p>Los directivos de las fundaciones presentes en la reuni\u00f3n con el mandatario agradecieron su respaldo, ya que afirman que los animales son seres que sienten, y por ello su labor como fundaci\u00f3n es tratar de que su voz sea escuchada, y que la calidad de vida de los animales mejore considerablemente.<\/p>\n<p><img loading=\"lazy\" decoding=\"async\" src=\"https:\/\/www.revistazetta.com\/wp-content\/uploads\/2016\/07\/CPA1-300x187.jpg\" alt=\"CPA1\" width=\"300\" height=\"187\" class=\"alignleft size-medium wp-image-14250\" srcset=\"https:\/\/revistazetta.com\/wp-content\/uploads\/2016\/07\/CPA1-300x187.jpg 300w, https:\/\/revistazetta.com\/wp-content\/uploads\/2016\/07\/CPA1-234x146.jpg 234w, https:\/\/revistazetta.com\/wp-content\/uploads\/2016\/07\/CPA1-50x31.jpg 50w, https:\/\/revistazetta.com\/wp-content\/uploads\/2016\/07\/CPA1-120x75.jpg 120w, https:\/\/revistazetta.com\/wp-content\/uploads\/2016\/07\/CPA1.jpg 570w\" sizes=\"auto, (max-width: 300px) 100vw, 300px\" \/><\/p>\n<p>\u201cHoy en consonancia con lo que planteamos en nuestro plan de desarrollo, vamos a hacer una importante inversi\u00f3n, y vamos a convocar a todas esas  organizaciones protectoras de animales para recibir todas sus recomendaciones para que en este centro no falte nada\u201d, manifest\u00f3 Dumek Turbay Paz durante el encuentro con las organizaciones Frad, Little One\u00b4s Independent Rescue y Cartagena Paw. <\/p>\n<p>En este centro, estar\u00e1n todos aquellos animales que son rescatados de la calle, y que est\u00e9n en descuidadas condiciones, para lo cual se debe contar con un espacio en donde se les pueda brindar todas las atenciones que ellos requieran, con \u00e1reas apropiadas donde puedan estar al aire libre y continuar con su proceso de recuperaci\u00f3n. <\/p>\n<p>Ingrid Fern\u00e1ndez Soto, directora de la Fundaci\u00f3n Rescate Animales Desamparados, destac\u00f3: \u201cNosotros nos hemos acercado al gobernador para exponerle la situaci\u00f3n de abandono y  maltrato que est\u00e1n viviendo muchos animales en todo Bol\u00edvar, pero \u00e9l ya hab\u00eda adelantado algo sobre este tema, y en el plan de desarrollo tiene incluido la construcci\u00f3n de un centro de bienestar para animales\u201d.  <\/p>\n<p>La Gobernaci\u00f3n ya cuenta con un terreno destinado para iniciar las instalaciones y construir los espacios de cuarentena, de recuperaci\u00f3n, y el espacio de aquellos animales que se pueden dar en adopci\u00f3n. Se van a crear diferentes zonas de acuerdo a las condiciones que presenten los animales. <\/p>\n<p>\u201cEs un centro de protecci\u00f3n, atenci\u00f3n y bienestar, y es un compromiso de nuestro plan de desarrollo, y por lo tanto ya hemos tomado la decisi\u00f3n de iniciar este proceso de compromiso de legalizaci\u00f3n, para que en el menor tiempo posible tengamos este centro de protecci\u00f3n, atenci\u00f3n y bienestar. Por ello hemos querido que las asociaciones protectoras de animales y fundaciones formen parte de este proyecto\u201d, concluy\u00f3 Dumek Turbay durante el encuentro. <\/p>\n","protected":false},"excerpt":{"rendered":"<p>Miembros de organizaciones protectoras de animales se reunieron con el gobernador Dumek Turbay para concretar la construcci\u00f3n de un centro de protecci\u00f3n, atenci\u00f3n y apoyo para animales desamparados. Los directivos de las fundaciones presentes en la reuni\u00f3n con el mandatario agradecieron su respaldo, ya que afirman que los animales son seres que sienten, y por ello su labor como fundaci\u00f3n es tratar de que su voz sea escuchada, y que la calidad de vida de los animales mejore considerablemente. \u201cHoy en consonancia con lo que planteamos en nuestro plan de&#8230; <\/p>\n","protected":false},"author":3,"featured_media":14249,"comment_status":"open","ping_status":"closed","sticky":false,"template":"","format":"standard","meta":{"footnotes":"","_links_to":"","_links_to_target":""},"categories":[33,2],"tags":[],"class_list":["post-14247","post","type-post","status-publish","format-standard","has-post-thumbnail","hentry","category-actualidad-bolivar","category-actualidad"],"_links":{"self":[{"href":"https:\/\/revistazetta.com\/index.php?rest_route=\/wp\/v2\/posts\/14247","targetHints":{"allow":["GET"]}}],"collection":[{"href":"https:\/\/revistazetta.com\/index.php?rest_route=\/wp\/v2\/posts"}],"about":[{"href":"https:\/\/revistazetta.com\/index.php?rest_route=\/wp\/v2\/types\/post"}],"author":[{"embeddable":true,"href":"https:\/\/revistazetta.com\/index.php?rest_route=\/wp\/v2\/users\/3"}],"replies":[{"embeddable":true,"href":"https:\/\/revistazetta.com\/index.php?rest_route=%2Fwp%2Fv2%2Fcomments&post=14247"}],"version-history":[{"count":0,"href":"https:\/\/revistazetta.com\/index.php?rest_route=\/wp\/v2\/posts\/14247\/revisions"}],"wp:featuredmedia":[{"embeddable":true,"href":"https:\/\/revistazetta.com\/index.php?rest_route=\/wp\/v2\/media\/14249"}],"wp:attachment":[{"href":"https:\/\/revistazetta.com\/index.php?rest_route=%2Fwp%2Fv2%2Fmedia&parent=14247"}],"wp:term":[{"taxonomy":"category","embeddable":true,"href":"https:\/\/revistazetta.com\/index.php?rest_route=%2Fwp%2Fv2%2Fcategories&post=14247"},{"taxonomy":"post_tag","embeddable":true,"href":"https:\/\/revistazetta.com\/index.php?rest_route=%2Fwp%2Fv2%2Ftags&post=14247"}],"curies":[{"name":"wp","href":"https:\/\/api.w.org\/{rel}","templated":true}]}}