{"id":14251,"date":"2016-07-06T05:09:17","date_gmt":"2016-07-06T10:09:17","guid":{"rendered":"http:\/\/www.revistazetta.com\/?p=14251"},"modified":"2016-07-06T05:09:17","modified_gmt":"2016-07-06T10:09:17","slug":"apoyo-unanime-del-comite-intergremial-turbay-respecto-electricaribe","status":"publish","type":"post","link":"https:\/\/revistazetta.com\/?p=14251","title":{"rendered":"Apoyo un\u00e1nime del comit\u00e9 intergremial a Turbay con respecto a Electricaribe"},"content":{"rendered":"<p>El gobernador de Bol\u00edvar Dumek Turbay Paz, sostuvo una reuni\u00f3n con la direcci\u00f3n del consejo gremial de la C\u00e1mara de Comercio de Cartagena,  quienes  le manifestaron apoyo un\u00e1nime en lo que tiene que ver con los duros cuestionamientos relacionados a la mala prestaci\u00f3n del servicio de energ\u00eda por parte de Electricaribe.<\/p>\n<p>Durante el encuentro que tuvo lugar en la C\u00e1mara de Comercio de Cartagena, los asistentes resaltaron que se deben adelantar acciones ante este problema estructural, y en donde se evidenci\u00f3 una voluntad conjunta de trabajar articuladamente entre gobierno departamental y gremios,  para estar alineados en este mismo prop\u00f3sito de encontrarle soluciones al mal servicio de energ\u00eda el\u00e9ctrica. <\/p>\n<p>\u201cNuestro compromiso como gremio es estar unidos; somos facilitadores, pero quien lidera es el gobernador\u201d, sostuvo Mar\u00eda Claudia P\u00e1ez, directora ejecutiva de la C\u00e1mara de Comercio de Cartagena.<\/p>\n<p>Las partes indicaron que el problema de Electricaribe como operador, se concentra en gran medida en las inconformidades que durante largo tiempo han manifestado los usuarios de toda la regi\u00f3n, y que se expresan en las tarifas, y la mala prestaci\u00f3n del servicio a los habitantes. <\/p>\n<p>\u201cVamos a seguir argumentando por qu\u00e9 las tarifas deben bajar en el Caribe, por ello vamos a plantear unos escenarios de discusi\u00f3n, con la presencia del ministro de Minas y Energ\u00edas Germ\u00e1n Arce y el nuevo superintendente de servicios p\u00fablicos Jos\u00e9 Miguel Mendoza , con  la presencia de los gobernadores del caribe y la comunidad. Esta alianza tiene como \u00fanico prop\u00f3sito lograr una soluci\u00f3n definitiva\u201d, ratific\u00f3 Dumek Turbay delante del comit\u00e9 intergremial. <\/p>\n<p>Al final de la jornada se concluy\u00f3 que se trabajar\u00e1 de manera mancomunada para encontrar  mejoras en la prestaci\u00f3n del servicio, en las tarifas, y as\u00ed brindar el verdadero servicio que necesita el departamento y la ciudad. Se analizar\u00e1n las diferentes estrategias que se est\u00e1n trazando desde el gobierno nacional, para hacer un plan integral como una fuerte soluci\u00f3n para el problema. Pero tambi\u00e9n dejaron en claro que hay m\u00e1s intervenciones de fondo que tienen que ver con la normatividad.<\/p>\n","protected":false},"excerpt":{"rendered":"<p>El gobernador de Bol\u00edvar Dumek Turbay Paz, sostuvo una reuni\u00f3n con la direcci\u00f3n del consejo gremial de la C\u00e1mara de Comercio de Cartagena, quienes le manifestaron apoyo un\u00e1nime en lo que tiene que ver con los duros cuestionamientos relacionados a la mala prestaci\u00f3n del servicio de energ\u00eda por parte de Electricaribe. Durante el encuentro que tuvo lugar en la C\u00e1mara de Comercio de Cartagena, los asistentes resaltaron que se deben adelantar acciones ante este problema estructural, y en donde se evidenci\u00f3 una voluntad conjunta de trabajar articuladamente entre gobierno departamental&#8230; <\/p>\n","protected":false},"author":3,"featured_media":14252,"comment_status":"open","ping_status":"closed","sticky":false,"template":"","format":"standard","meta":{"footnotes":"","_links_to":"","_links_to_target":""},"categories":[2,50],"tags":[],"class_list":["post-14251","post","type-post","status-publish","format-standard","has-post-thumbnail","hentry","category-actualidad","category-empresa"],"_links":{"self":[{"href":"https:\/\/revistazetta.com\/index.php?rest_route=\/wp\/v2\/posts\/14251","targetHints":{"allow":["GET"]}}],"collection":[{"href":"https:\/\/revistazetta.com\/index.php?rest_route=\/wp\/v2\/posts"}],"about":[{"href":"https:\/\/revistazetta.com\/index.php?rest_route=\/wp\/v2\/types\/post"}],"author":[{"embeddable":true,"href":"https:\/\/revistazetta.com\/index.php?rest_route=\/wp\/v2\/users\/3"}],"replies":[{"embeddable":true,"href":"https:\/\/revistazetta.com\/index.php?rest_route=%2Fwp%2Fv2%2Fcomments&post=14251"}],"version-history":[{"count":0,"href":"https:\/\/revistazetta.com\/index.php?rest_route=\/wp\/v2\/posts\/14251\/revisions"}],"wp:featuredmedia":[{"embeddable":true,"href":"https:\/\/revistazetta.com\/index.php?rest_route=\/wp\/v2\/media\/14252"}],"wp:attachment":[{"href":"https:\/\/revistazetta.com\/index.php?rest_route=%2Fwp%2Fv2%2Fmedia&parent=14251"}],"wp:term":[{"taxonomy":"category","embeddable":true,"href":"https:\/\/revistazetta.com\/index.php?rest_route=%2Fwp%2Fv2%2Fcategories&post=14251"},{"taxonomy":"post_tag","embeddable":true,"href":"https:\/\/revistazetta.com\/index.php?rest_route=%2Fwp%2Fv2%2Ftags&post=14251"}],"curies":[{"name":"wp","href":"https:\/\/api.w.org\/{rel}","templated":true}]}}