{"id":14267,"date":"2016-07-06T05:44:10","date_gmt":"2016-07-06T10:44:10","guid":{"rendered":"http:\/\/www.revistazetta.com\/?p=14267"},"modified":"2016-07-06T06:28:47","modified_gmt":"2016-07-06T11:28:47","slug":"fundacion-barcelona-capacito-mas-70-instructores-deportivos","status":"publish","type":"post","link":"https:\/\/revistazetta.com\/?p=14267","title":{"rendered":"Fundaci\u00f3n Barcelona capacit\u00f3 a m\u00e1s de 70 instructores deportivos"},"content":{"rendered":"<p>El Alcalde Manolo Duque entreg\u00f3 certificados de graduaci\u00f3n a los 73 instructores deportivos que fueron beneficiados con una capacitaci\u00f3n por parte de la Alcald\u00eda de Cartagena, el Banco Interamericano de Desarrollo y la Fundaci\u00f3n Barcelona.<br \/>\nLos docentes de las escuelas de iniciaci\u00f3n deportiva del Ider estuvieron tres d\u00edas form\u00e1ndose como \u201cEntrenadores socio deportivos\u201d, curso dictado por tres capacitadores de la Fundaci\u00f3n Barcelona.<\/p>\n<p>\u201cEsta es nuestra gente en terreno, los que llevar\u00e1n todo este conocimiento a nuestros muchachos. Cuando firmamos el convenio sab\u00edamos que ustedes van a ser la voz de la Alcald\u00eda no solo en f\u00fatbol sino en todas las \u00e1reas y especialmente en valores. Estamos muy felices por este convenio y este no ser\u00e1 el \u00fanico que vamos a firmar\u201d, dijo el Alcalde Duque a los reci\u00e9n graduados.<\/p>\n<p>Laya Martin Frigola, coordinadora en Latinoam\u00e9rica de la Fundaci\u00f3n Barcelona, explic\u00f3 la metodolog\u00eda de la capacitaci\u00f3n. \u201cTuvo dos partes importantes, una que fue trabajar sobre los valores que quiere el Barza que se trasmitan a los ni\u00f1os que son el respeto, el esfuerzo, el trabajo en equipo, la humildad y la superaci\u00f3n. Lo aprendimos jugando en el campo y luego reflexionamos. El otro tema fue los \u2018tres tiempos\u2019 que hemos estado practicando para poder modificar las normas de los juegos para que sirvan para resolver conflictos con los ni\u00f1os. Alrededor de esto hemos ido dando otros tipos de formaci\u00f3n\u201d.<\/p>\n<p>Por otro lado, Berenice Moreno, una de las deportistas cartageneras m\u00e1s destacadas de los \u00faltimos a\u00f1os y quien hizo parte del grupo de instructores capacitados por la Fundaci\u00f3n Barcelona dio su percepci\u00f3n de la actividad. \u201cEs una gran experiencia, esto super\u00f3 las expectativas, es una forma de darnos herramientas para poder ser unos multiplicadores en cada uno de nuestros ni\u00f1os de las escuelas de iniciaci\u00f3n deportiva del Ider\u201d.<\/p>\n<p>Por su parte Luz Stella C\u00e1ceres, Secretaria General de la Alcald\u00eda, dijo que \u201ceste fue un acercamiento que logr\u00f3 la oficina de Cooperaci\u00f3n Internacional con el Banco Interamericano de Desarrollo y qu\u00e9 bueno que hoy es una realidad y lo m\u00e1s importante de todo es que esto no queda aqu\u00ed. A partir de este momento tendremos un seguimiento mensual para garantizar que lo aprendido se cumpla y podamos tener una nueva generaci\u00f3n de j\u00f3venes deportistas\u201d, explic\u00f3 la funcionaria quien tambi\u00e9n lidera el programa de Cooperaci\u00f3n Internacional de la Alcald\u00eda.<\/p>\n<p>Se espera que el pr\u00f3ximo 30 de julio se lleve a cabo en el estadio Jaime Mor\u00f3n un gran evento con estos docentes y los representantes del Barza para demostrar lo aprendido en estos d\u00edas.<\/p>\n","protected":false},"excerpt":{"rendered":"<p>El Alcalde Manolo Duque entreg\u00f3 certificados de graduaci\u00f3n a los 73 instructores deportivos que fueron beneficiados con una capacitaci\u00f3n por parte de la Alcald\u00eda de Cartagena, el Banco Interamericano de Desarrollo y la Fundaci\u00f3n Barcelona. Los docentes de las escuelas de iniciaci\u00f3n deportiva del Ider estuvieron tres d\u00edas form\u00e1ndose como \u201cEntrenadores socio deportivos\u201d, curso dictado por tres capacitadores de la Fundaci\u00f3n Barcelona. \u201cEsta es nuestra gente en terreno, los que llevar\u00e1n todo este conocimiento a nuestros muchachos. Cuando firmamos el convenio sab\u00edamos que ustedes van a ser la voz de&#8230; <\/p>\n","protected":false},"author":3,"featured_media":14268,"comment_status":"open","ping_status":"closed","sticky":false,"template":"","format":"standard","meta":{"footnotes":"","_links_to":"","_links_to_target":""},"categories":[2,53,32],"tags":[],"class_list":["post-14267","post","type-post","status-publish","format-standard","has-post-thumbnail","hentry","category-actualidad","category-deportes","category-actualidad-distrito"],"_links":{"self":[{"href":"https:\/\/revistazetta.com\/index.php?rest_route=\/wp\/v2\/posts\/14267","targetHints":{"allow":["GET"]}}],"collection":[{"href":"https:\/\/revistazetta.com\/index.php?rest_route=\/wp\/v2\/posts"}],"about":[{"href":"https:\/\/revistazetta.com\/index.php?rest_route=\/wp\/v2\/types\/post"}],"author":[{"embeddable":true,"href":"https:\/\/revistazetta.com\/index.php?rest_route=\/wp\/v2\/users\/3"}],"replies":[{"embeddable":true,"href":"https:\/\/revistazetta.com\/index.php?rest_route=%2Fwp%2Fv2%2Fcomments&post=14267"}],"version-history":[{"count":0,"href":"https:\/\/revistazetta.com\/index.php?rest_route=\/wp\/v2\/posts\/14267\/revisions"}],"wp:featuredmedia":[{"embeddable":true,"href":"https:\/\/revistazetta.com\/index.php?rest_route=\/wp\/v2\/media\/14268"}],"wp:attachment":[{"href":"https:\/\/revistazetta.com\/index.php?rest_route=%2Fwp%2Fv2%2Fmedia&parent=14267"}],"wp:term":[{"taxonomy":"category","embeddable":true,"href":"https:\/\/revistazetta.com\/index.php?rest_route=%2Fwp%2Fv2%2Fcategories&post=14267"},{"taxonomy":"post_tag","embeddable":true,"href":"https:\/\/revistazetta.com\/index.php?rest_route=%2Fwp%2Fv2%2Ftags&post=14267"}],"curies":[{"name":"wp","href":"https:\/\/api.w.org\/{rel}","templated":true}]}}