{"id":14273,"date":"2016-07-06T05:58:35","date_gmt":"2016-07-06T10:58:35","guid":{"rendered":"http:\/\/www.revistazetta.com\/?p=14273"},"modified":"2016-07-06T06:50:38","modified_gmt":"2016-07-06T11:50:38","slug":"jovenes-riesgo-se-graduan-guardias-la-cienaga","status":"publish","type":"post","link":"https:\/\/revistazetta.com\/?p=14273","title":{"rendered":"Ci\u00e9naga de la Virgen tiene 100 guardias nuevos"},"content":{"rendered":"<p>En ceremonia realizada en el Parque Esp\u00edritu del Manglar, 100 j\u00f3venes que habitan en el \u00e1rea de influencia de la Ci\u00e9naga de la Virgen recibieron el diploma que los acredita como guardianes de ese extenso cuerpo de agua que circunda la V\u00eda Perimetral, y que est\u00e1 lleno de una enorme biodiversidad.<\/p>\n<p>Durante seis meses se prepararon en temas como legislaci\u00f3n ambiental, reconocimiento de fauna y flora; desastres ambientales y c\u00f3mo prevenirlos y cambio clim\u00e1tico. En este proceso de formaci\u00f3n tambi\u00e9n tuvieron un acompa\u00f1amiento espiritual que les permiti\u00f3 superar muchos obst\u00e1culos, como las cr\u00edticas de vecinos y amigos por haber escogido esta opci\u00f3n de vida y dejar atr\u00e1s \u201clos malos pasos\u201d, la calle y \u201clas malas compa\u00f1\u00edas\u201d.<\/p>\n<p>Mar\u00eda Chico es mam\u00e1 de una joven que se gradu\u00f3 como guardiana, y con alegr\u00eda dijo que \u201cme siento orgullosa de que mi hija pertenezca al programa. Le quiero decir al Alcalde Manolo que lo siga apoyando para que siga adelante y nunca se decaiga\u201d.<br \/>\nAnderson Barrios Grises, el l\u00edder del programa, indic\u00f3 que su vida es otra, que ya no le da \u201ctanto dolor de cabeza\u201d a su mam\u00e1. \u201cEs que antes pasaba mucho en la calle, en las esquinas, pendiente a las peleas, pero la Guardia Ambiental me ha ayudado a seguir adelante\u201d.<\/p>\n<p>El Alcalde Manolo Duque felicit\u00f3 al grupo de graduandos y resalt\u00f3 el empe\u00f1o con el que asumieron esta formaci\u00f3n, y que gracias a esa energ\u00eda que le pusieron, hoy este proyecto tiene el reconocimiento de la ciudad.<\/p>\n<p>El programa ha tenido tanta acogida, que seg\u00fan datos de Roberto Ru\u00edz, director de la Guardia Ambiental, hasta el momento existen alrededor de 600 solicitudes de padres que quieren que sus hijos pertenezcan a este voluntariado, que poco a poco le ha quitado a las pandillas o a los \u201cparches\u201d de barrio, j\u00f3venes que comienzan a mirar su entorno de manera diferente.<br \/>\n<img loading=\"lazy\" decoding=\"async\" class=\"alignleft size-medium wp-image-14276\" src=\"https:\/\/www.revistazetta.com\/wp-content\/uploads\/2016\/07\/GDC1-300x187.jpg\" alt=\"GDC1\" width=\"300\" height=\"187\" srcset=\"https:\/\/revistazetta.com\/wp-content\/uploads\/2016\/07\/GDC1-300x187.jpg 300w, https:\/\/revistazetta.com\/wp-content\/uploads\/2016\/07\/GDC1-234x146.jpg 234w, https:\/\/revistazetta.com\/wp-content\/uploads\/2016\/07\/GDC1-50x31.jpg 50w, https:\/\/revistazetta.com\/wp-content\/uploads\/2016\/07\/GDC1-120x75.jpg 120w, https:\/\/revistazetta.com\/wp-content\/uploads\/2016\/07\/GDC1.jpg 570w\" sizes=\"auto, (max-width: 300px) 100vw, 300px\" \/><\/p>\n<p><img loading=\"lazy\" decoding=\"async\" class=\"alignleft size-medium wp-image-14275\" src=\"https:\/\/www.revistazetta.com\/wp-content\/uploads\/2016\/07\/GDC-300x187.jpg\" alt=\"GDC\" width=\"300\" height=\"187\" srcset=\"https:\/\/revistazetta.com\/wp-content\/uploads\/2016\/07\/GDC-300x187.jpg 300w, https:\/\/revistazetta.com\/wp-content\/uploads\/2016\/07\/GDC-234x146.jpg 234w, https:\/\/revistazetta.com\/wp-content\/uploads\/2016\/07\/GDC-50x31.jpg 50w, https:\/\/revistazetta.com\/wp-content\/uploads\/2016\/07\/GDC-120x75.jpg 120w, https:\/\/revistazetta.com\/wp-content\/uploads\/2016\/07\/GDC.jpg 570w\" sizes=\"auto, (max-width: 300px) 100vw, 300px\" \/><\/p>\n<p>La directora del Epa Cartagena, Mar\u00eda Ang\u00e9lica Garc\u00eda Turbay, explic\u00f3 que estos j\u00f3venes ser\u00e1n los aliados de la entidad para trabajar temas ambientales y apoyar\u00e1n en las campa\u00f1as que se realicen desde la entidad para el cuidado de la fauna y flora de la ciudad.<\/p>\n<p>El proyecto Guardianes de la Ci\u00e9naga es una iniciativa del gobierno de Primero la Gente, que lidera el alcalde Manolo Duque, y que se ejecuta a trav\u00e9s del Establecimiento P\u00fablico Ambiental, Epa Cartagena, y tiene como operador a la Guardia Ambiental Seccional Bol\u00edvar.<\/p>\n","protected":false},"excerpt":{"rendered":"<p>En ceremonia realizada en el Parque Esp\u00edritu del Manglar, 100 j\u00f3venes que habitan en el \u00e1rea de influencia de la Ci\u00e9naga de la Virgen recibieron el diploma que los acredita como guardianes de ese extenso cuerpo de agua que circunda la V\u00eda Perimetral, y que est\u00e1 lleno de una enorme biodiversidad. Durante seis meses se prepararon en temas como legislaci\u00f3n ambiental, reconocimiento de fauna y flora; desastres ambientales y c\u00f3mo prevenirlos y cambio clim\u00e1tico. En este proceso de formaci\u00f3n tambi\u00e9n tuvieron un acompa\u00f1amiento espiritual que les permiti\u00f3 superar muchos obst\u00e1culos,&#8230; <\/p>\n","protected":false},"author":3,"featured_media":14284,"comment_status":"open","ping_status":"closed","sticky":false,"template":"","format":"standard","meta":{"footnotes":"","_links_to":"","_links_to_target":""},"categories":[75,32],"tags":[],"class_list":["post-14273","post","type-post","status-publish","format-standard","has-post-thumbnail","hentry","category-destacada","category-actualidad-distrito"],"_links":{"self":[{"href":"https:\/\/revistazetta.com\/index.php?rest_route=\/wp\/v2\/posts\/14273","targetHints":{"allow":["GET"]}}],"collection":[{"href":"https:\/\/revistazetta.com\/index.php?rest_route=\/wp\/v2\/posts"}],"about":[{"href":"https:\/\/revistazetta.com\/index.php?rest_route=\/wp\/v2\/types\/post"}],"author":[{"embeddable":true,"href":"https:\/\/revistazetta.com\/index.php?rest_route=\/wp\/v2\/users\/3"}],"replies":[{"embeddable":true,"href":"https:\/\/revistazetta.com\/index.php?rest_route=%2Fwp%2Fv2%2Fcomments&post=14273"}],"version-history":[{"count":0,"href":"https:\/\/revistazetta.com\/index.php?rest_route=\/wp\/v2\/posts\/14273\/revisions"}],"wp:featuredmedia":[{"embeddable":true,"href":"https:\/\/revistazetta.com\/index.php?rest_route=\/wp\/v2\/media\/14284"}],"wp:attachment":[{"href":"https:\/\/revistazetta.com\/index.php?rest_route=%2Fwp%2Fv2%2Fmedia&parent=14273"}],"wp:term":[{"taxonomy":"category","embeddable":true,"href":"https:\/\/revistazetta.com\/index.php?rest_route=%2Fwp%2Fv2%2Fcategories&post=14273"},{"taxonomy":"post_tag","embeddable":true,"href":"https:\/\/revistazetta.com\/index.php?rest_route=%2Fwp%2Fv2%2Ftags&post=14273"}],"curies":[{"name":"wp","href":"https:\/\/api.w.org\/{rel}","templated":true}]}}