{"id":14293,"date":"2016-07-07T05:18:41","date_gmt":"2016-07-07T10:18:41","guid":{"rendered":"http:\/\/www.revistazetta.com\/?p=14293"},"modified":"2016-07-07T05:25:25","modified_gmt":"2016-07-07T10:25:25","slug":"alcalde-instala-consejo-distrital-cultura-2016-2019","status":"publish","type":"post","link":"https:\/\/revistazetta.com\/?p=14293","title":{"rendered":"Alcalde instala Consejo Distrital de Cultura 2016 &#8211; 2019"},"content":{"rendered":"<p>El Alcalde Cartagena Manolo Duque y  la directora del IPCC Berta Arnedo, instalaron el Consejo Distrital de Cultura 2016 \u2013 2019 en un acto celebrado en el sal\u00f3n Vicente Mart\u00ednez Martelo este martes.<\/p>\n<p>Los Consejos Distritales de Cultura, son las instancias de concertaci\u00f3n entre el Estado y la sociedad civil encargadas de liderar y asesorar al  gobierno distrital  en la formulaci\u00f3n y ejecuci\u00f3n de las pol\u00edticas y la planificaci\u00f3n de los procesos culturales.<\/p>\n<p> \u201cUstedes (Consejo) ahora tienen la vocer\u00eda de cada una de las \u00e1reas art\u00edsticas de la ciudad, y m\u00e1s que un deber tienen la responsabilidad de representarlos. En el IPCC estamos prestos a trabajar en equipo, construir juntos la pol\u00edtica cultural de la ciudad y articular a trav\u00e9s de ellos con las distintas \u00e1reas art\u00edsticas locales y de medios\u201d, dijo la directora del IPCC Berta Arnedo, luego de que tomaran juramento los consejeros de parte del Alcalde.<\/p>\n<p>El Consejo Distrital de Cultura est\u00e1 conformado por 15 consejeros distribuidos as\u00ed:<\/p>\n<p>Dos representantes de las Localidades, uno por las Unidades Comuneras Urbanas y otro por las Unidades Comuneras Rurales:<br \/>\n <strong>PEDRO ANTONIO GUERRERO CASTRO-<\/strong> Unidades Comuneras Rurales.<br \/>\n<strong>MIGUEL ANGEL PALACIO VERGARA,<\/strong> Unidades Comuneras Urbanas.<br \/>\n Un representante de las Agremiaciones o Asociaciones de Comunicadores:<br \/>\n<strong>LUIS EDUARDO AMADO ATENCIA<\/strong><br \/>\nUn representante de los Artesanos:<br \/>\n<strong>HAROLD CASTRO PADILLA<\/strong><br \/>\n Un representante de la comunidad Educativa:<br \/>\n<strong>ALFONSO ENRIQUE ARCE MORALES<\/strong><br \/>\n Un representante de cada uno de los sectores art\u00edsticos y culturales (artes pl\u00e1sticas, teatro, danza, m\u00fasica, escritores):<br \/>\n<strong>MARITZA ZU\u00d1IGA OROZCO,  Artes Pl\u00e1sticas<\/strong><br \/>\n<strong>WILLIAM HURTADO GOMEZ, Teatro<br \/>\nJAIME ENRIQUE BUSTAMANTE DE LA HOZ, Danza<br \/>\nHENRY JAVIER GONZALEZ GONZALEZ, M\u00fasica<br \/>\nNURIS TABORDA VENNER, Escritores<br \/>\nCRISTIAN RIVAS GALVAN, Cine<\/strong><br \/>\n Un representante de las O.N.G Culturales:<br \/>\n<strong>ELIECER MANUEL PATERNINA MONTES<\/strong><br \/>\n Un representante de las Organizaciones C\u00edvicas o Comunitarias:<br \/>\n<strong>KAIREN GUTIERREZ TEJEDOR<\/strong><br \/>\nUn representante de las Agremiaciones Culturales de personas en situaci\u00f3n de discapacidad, f\u00edsica, ps\u00edquica y sensorial:<br \/>\n<strong>BELINDA DIAZ PUELLO<\/strong><br \/>\n Un representante de las Comunidades Afrodescendientes:<br \/>\n<strong>MILADIS MEDINA LICONA<\/strong><\/p>\n<p>La elecci\u00f3n de los integrantes de este Consejo la realiz\u00f3 el Alcalde de terna enviada por cada una de las agremiaciones a la Secretaria T\u00e9cnica del IPCC.<\/p>\n<p>Dicha elecci\u00f3n de la terna se llev\u00f3 a cabo en el primer encuentro de consejeros de \u00e1reas art\u00edsticas 2016, tal y como se evidencia en el acta 08 del 07 de mayo de la presente anualidad.<\/p>\n<p>\u201cEstos miembros ser\u00e1n elegidos por un periodo igual al del Alcalde Mayor. Cuando se trate de representantes de instituciones se entender\u00e1 que el periodo es institucional y no personal\u201d, estipula el decreto.<\/p>\n","protected":false},"excerpt":{"rendered":"<p>El Alcalde Cartagena Manolo Duque y la directora del IPCC Berta Arnedo, instalaron el Consejo Distrital de Cultura 2016 \u2013 2019 en un acto celebrado en el sal\u00f3n Vicente Mart\u00ednez Martelo este martes. Los Consejos Distritales de Cultura, son las instancias de concertaci\u00f3n entre el Estado y la sociedad civil encargadas de liderar y asesorar al gobierno distrital en la formulaci\u00f3n y ejecuci\u00f3n de las pol\u00edticas y la planificaci\u00f3n de los procesos culturales. \u201cUstedes (Consejo) ahora tienen la vocer\u00eda de cada una de las \u00e1reas art\u00edsticas de la ciudad, y&#8230; <\/p>\n","protected":false},"author":3,"featured_media":14294,"comment_status":"open","ping_status":"closed","sticky":false,"template":"","format":"standard","meta":{"footnotes":"","_links_to":"","_links_to_target":""},"categories":[32,41,75],"tags":[],"class_list":["post-14293","post","type-post","status-publish","format-standard","has-post-thumbnail","hentry","category-actualidad-distrito","category-cultura","category-destacada"],"_links":{"self":[{"href":"https:\/\/revistazetta.com\/index.php?rest_route=\/wp\/v2\/posts\/14293","targetHints":{"allow":["GET"]}}],"collection":[{"href":"https:\/\/revistazetta.com\/index.php?rest_route=\/wp\/v2\/posts"}],"about":[{"href":"https:\/\/revistazetta.com\/index.php?rest_route=\/wp\/v2\/types\/post"}],"author":[{"embeddable":true,"href":"https:\/\/revistazetta.com\/index.php?rest_route=\/wp\/v2\/users\/3"}],"replies":[{"embeddable":true,"href":"https:\/\/revistazetta.com\/index.php?rest_route=%2Fwp%2Fv2%2Fcomments&post=14293"}],"version-history":[{"count":0,"href":"https:\/\/revistazetta.com\/index.php?rest_route=\/wp\/v2\/posts\/14293\/revisions"}],"wp:featuredmedia":[{"embeddable":true,"href":"https:\/\/revistazetta.com\/index.php?rest_route=\/wp\/v2\/media\/14294"}],"wp:attachment":[{"href":"https:\/\/revistazetta.com\/index.php?rest_route=%2Fwp%2Fv2%2Fmedia&parent=14293"}],"wp:term":[{"taxonomy":"category","embeddable":true,"href":"https:\/\/revistazetta.com\/index.php?rest_route=%2Fwp%2Fv2%2Fcategories&post=14293"},{"taxonomy":"post_tag","embeddable":true,"href":"https:\/\/revistazetta.com\/index.php?rest_route=%2Fwp%2Fv2%2Ftags&post=14293"}],"curies":[{"name":"wp","href":"https:\/\/api.w.org\/{rel}","templated":true}]}}