{"id":14295,"date":"2016-07-07T05:23:32","date_gmt":"2016-07-07T10:23:32","guid":{"rendered":"http:\/\/www.revistazetta.com\/?p=14295"},"modified":"2016-07-07T06:41:20","modified_gmt":"2016-07-07T11:41:20","slug":"cartagena-tambien-vela-la-proteccion-animal","status":"publish","type":"post","link":"https:\/\/revistazetta.com\/?p=14295","title":{"rendered":"Cartagena tambi\u00e9n vela por la protecci\u00f3n animal"},"content":{"rendered":"<p>En los pasados d\u00edas la Gobernaci\u00f3n De Bol\u00edvar dio muestras de compromiso para con los animales y las entidades del departamento que se encargan de defenderlos y cuidarlos al anunciar la creaci\u00f3n de un centro de protecci\u00f3n atenci\u00f3n para animales desamparados. <\/p>\n<p>Esta vez es la Alcald\u00eda de Cartagena la que da cuenta de la responsabilidad que tiene el Distrito para con los animales, adelantando un plan para concientizar a la ciudadan\u00eda del cuidado de las mascotas tras conocerse que en algunos sectores de la ciudad se han detectado casos de maltrato animal.<\/p>\n<p>Este plan se desarrollara a trav\u00e9s de la Unidad Municipal de Asistencia T\u00e9cnica Agropecuaria, Umata; el director de esta dependencia, Gustavo Jim\u00e9nez Sierra, asegur\u00f3 que el Distrito, en cabeza del alcalde Manolo Duque, rechaza el maltrato a los animales.<\/p>\n<p>\u201cEstamos observando c\u00f3mo violentan a los animales y c\u00f3mo practican con una navaja las pu\u00f1aladas o los machetazos en burros o perros\u201d, dijo el funcionario.<\/p>\n<p>Record\u00f3 que existe la ley 1774 de 2016 que castiga el maltrato animal y propuso que con apoyo de organizaciones sin \u00e1nimo de lucro y otras entidades del Distrito iniciar una campa\u00f1a de concientizaci\u00f3n en las comunidades enfocada de manera particular a las instituciones educativas.<\/p>\n<p>\u201cDarle a conocer a los ni\u00f1os que existen tres principios en la protecci\u00f3n animal en la ley 1774 de este a\u00f1o que nos habla de la protecci\u00f3n animal, bienestar animal y la solidaridad social\u201d, puntualiz\u00f3.<\/p>\n<p>De igual forma enfatiz\u00f3 que \u201cla norma crea una conciencia que los animales no son cosas, que son seres sintientes, seres vivos, que hacen parte de nuestra familia e incentiva al cuidado y a la tenencia responsable de los mismos\u201d.<br \/>\nEl funcionario conmin\u00f3 a la ciudadan\u00eda a denunciar ante la Polic\u00eda los actos de maltrato animal.<\/p>\n","protected":false},"excerpt":{"rendered":"<p>En los pasados d\u00edas la Gobernaci\u00f3n De Bol\u00edvar dio muestras de compromiso para con los animales y las entidades del departamento que se encargan de defenderlos y cuidarlos al anunciar la creaci\u00f3n de un centro de protecci\u00f3n atenci\u00f3n para animales desamparados. Esta vez es la Alcald\u00eda de Cartagena la que da cuenta de la responsabilidad que tiene el Distrito para con los animales, adelantando un plan para concientizar a la ciudadan\u00eda del cuidado de las mascotas tras conocerse que en algunos sectores de la ciudad se han detectado casos de&#8230; <\/p>\n","protected":false},"author":3,"featured_media":14296,"comment_status":"open","ping_status":"closed","sticky":false,"template":"","format":"standard","meta":{"footnotes":"","_links_to":"","_links_to_target":""},"categories":[32],"tags":[],"class_list":["post-14295","post","type-post","status-publish","format-standard","has-post-thumbnail","hentry","category-actualidad-distrito"],"_links":{"self":[{"href":"https:\/\/revistazetta.com\/index.php?rest_route=\/wp\/v2\/posts\/14295","targetHints":{"allow":["GET"]}}],"collection":[{"href":"https:\/\/revistazetta.com\/index.php?rest_route=\/wp\/v2\/posts"}],"about":[{"href":"https:\/\/revistazetta.com\/index.php?rest_route=\/wp\/v2\/types\/post"}],"author":[{"embeddable":true,"href":"https:\/\/revistazetta.com\/index.php?rest_route=\/wp\/v2\/users\/3"}],"replies":[{"embeddable":true,"href":"https:\/\/revistazetta.com\/index.php?rest_route=%2Fwp%2Fv2%2Fcomments&post=14295"}],"version-history":[{"count":0,"href":"https:\/\/revistazetta.com\/index.php?rest_route=\/wp\/v2\/posts\/14295\/revisions"}],"wp:featuredmedia":[{"embeddable":true,"href":"https:\/\/revistazetta.com\/index.php?rest_route=\/wp\/v2\/media\/14296"}],"wp:attachment":[{"href":"https:\/\/revistazetta.com\/index.php?rest_route=%2Fwp%2Fv2%2Fmedia&parent=14295"}],"wp:term":[{"taxonomy":"category","embeddable":true,"href":"https:\/\/revistazetta.com\/index.php?rest_route=%2Fwp%2Fv2%2Fcategories&post=14295"},{"taxonomy":"post_tag","embeddable":true,"href":"https:\/\/revistazetta.com\/index.php?rest_route=%2Fwp%2Fv2%2Ftags&post=14295"}],"curies":[{"name":"wp","href":"https:\/\/api.w.org\/{rel}","templated":true}]}}