{"id":14351,"date":"2016-07-11T13:55:30","date_gmt":"2016-07-11T18:55:30","guid":{"rendered":"http:\/\/www.revistazetta.com\/?p=14351"},"modified":"2016-07-11T13:55:30","modified_gmt":"2016-07-11T18:55:30","slug":"aun-comunidades-no-elegido-junta-accion-comunal","status":"publish","type":"post","link":"https:\/\/revistazetta.com\/?p=14351","title":{"rendered":"A\u00fan hay comunidades que no han elegido su Junta de Acci\u00f3n Comunal"},"content":{"rendered":"<p>A la fecha a\u00fan hay comunidades que no han elegido a los miembros de sus Juntas de Acci\u00f3n Comunal por lo que la Secretaria de Participaci\u00f3n y Desarrollo Social, Mar\u00eda Elvira M\u00e1rquez Faciolince, les hizo un llamado para que de esta manera puedan trabajar organizadamente y resolver de forma oportuna los problemas y dificultades existentes que han ocasionado la demora en el proceso.<\/p>\n<p>Ante esta situaci\u00f3n, la Unidad de Formaci\u00f3n Ciudadana de la Secretar\u00eda, encargada de controlar y vigilar el registro de las Juntas De Acci\u00f3n Comunal, trabaja en la revisi\u00f3n, organizaci\u00f3n y sistematizaci\u00f3n de toda la documentaci\u00f3n para proceder con el registro de las que  no est\u00e1n reconocidas por no cumplir con los requisitos y normas legales que exige la ley.<\/p>\n<p>\u201cEs un proceso que estamos realizando para que toda persona que quiera obtener datos precisos, no solo de los presidentes sino de todos los que conforman la JAC, puedan conocerlos con sus nombres completos, n\u00fameros de identificaci\u00f3n, sus respectivas direcciones y todos sus datos y que adem\u00e1s puedan tener acceso directo con los representantes de los diferentes comit\u00e9s de trabajo\u201d, dijo la titular de este despacho.<\/p>\n<p>Cabe se\u00f1alar que de las 373 JAC que existen actualmente y que se encuentran registradas legalmente en la Secretar\u00eda, la mayor\u00eda eligi\u00f3 dignatarios y se posesionaron en un acto que tuvo lugar el pasado 5 de julio en el Coliseo Bernardo Caraballo.<\/p>\n<p><img loading=\"lazy\" decoding=\"async\" src=\"https:\/\/www.revistazetta.com\/wp-content\/uploads\/2016\/07\/JAC1-300x187.jpg\" alt=\"JAC1\" width=\"300\" height=\"187\" class=\"aligncenter size-medium wp-image-14368\" srcset=\"https:\/\/revistazetta.com\/wp-content\/uploads\/2016\/07\/JAC1-300x187.jpg 300w, https:\/\/revistazetta.com\/wp-content\/uploads\/2016\/07\/JAC1-234x146.jpg 234w, https:\/\/revistazetta.com\/wp-content\/uploads\/2016\/07\/JAC1-50x31.jpg 50w, https:\/\/revistazetta.com\/wp-content\/uploads\/2016\/07\/JAC1-120x75.jpg 120w, https:\/\/revistazetta.com\/wp-content\/uploads\/2016\/07\/JAC1.jpg 570w\" sizes=\"auto, (max-width: 300px) 100vw, 300px\" \/><\/p>\n<p><img loading=\"lazy\" decoding=\"async\" src=\"https:\/\/www.revistazetta.com\/wp-content\/uploads\/2016\/07\/JAC2-300x187.jpg\" alt=\"JAC2\" width=\"300\" height=\"187\" class=\"aligncenter size-medium wp-image-14370\" srcset=\"https:\/\/revistazetta.com\/wp-content\/uploads\/2016\/07\/JAC2-300x187.jpg 300w, https:\/\/revistazetta.com\/wp-content\/uploads\/2016\/07\/JAC2-234x146.jpg 234w, https:\/\/revistazetta.com\/wp-content\/uploads\/2016\/07\/JAC2-50x31.jpg 50w, https:\/\/revistazetta.com\/wp-content\/uploads\/2016\/07\/JAC2-120x75.jpg 120w, https:\/\/revistazetta.com\/wp-content\/uploads\/2016\/07\/JAC2.jpg 570w\" sizes=\"auto, (max-width: 300px) 100vw, 300px\" \/><\/p>\n","protected":false},"excerpt":{"rendered":"<p>A la fecha a\u00fan hay comunidades que no han elegido a los miembros de sus Juntas de Acci\u00f3n Comunal por lo que la Secretaria de Participaci\u00f3n y Desarrollo Social, Mar\u00eda Elvira M\u00e1rquez Faciolince, les hizo un llamado para que de esta manera puedan trabajar organizadamente y resolver de forma oportuna los problemas y dificultades existentes que han ocasionado la demora en el proceso. Ante esta situaci\u00f3n, la Unidad de Formaci\u00f3n Ciudadana de la Secretar\u00eda, encargada de controlar y vigilar el registro de las Juntas De Acci\u00f3n Comunal, trabaja en la&#8230; <\/p>\n","protected":false},"author":3,"featured_media":14369,"comment_status":"open","ping_status":"closed","sticky":false,"template":"","format":"standard","meta":{"footnotes":"","_links_to":"","_links_to_target":""},"categories":[32],"tags":[],"class_list":["post-14351","post","type-post","status-publish","format-standard","has-post-thumbnail","hentry","category-actualidad-distrito"],"_links":{"self":[{"href":"https:\/\/revistazetta.com\/index.php?rest_route=\/wp\/v2\/posts\/14351","targetHints":{"allow":["GET"]}}],"collection":[{"href":"https:\/\/revistazetta.com\/index.php?rest_route=\/wp\/v2\/posts"}],"about":[{"href":"https:\/\/revistazetta.com\/index.php?rest_route=\/wp\/v2\/types\/post"}],"author":[{"embeddable":true,"href":"https:\/\/revistazetta.com\/index.php?rest_route=\/wp\/v2\/users\/3"}],"replies":[{"embeddable":true,"href":"https:\/\/revistazetta.com\/index.php?rest_route=%2Fwp%2Fv2%2Fcomments&post=14351"}],"version-history":[{"count":0,"href":"https:\/\/revistazetta.com\/index.php?rest_route=\/wp\/v2\/posts\/14351\/revisions"}],"wp:featuredmedia":[{"embeddable":true,"href":"https:\/\/revistazetta.com\/index.php?rest_route=\/wp\/v2\/media\/14369"}],"wp:attachment":[{"href":"https:\/\/revistazetta.com\/index.php?rest_route=%2Fwp%2Fv2%2Fmedia&parent=14351"}],"wp:term":[{"taxonomy":"category","embeddable":true,"href":"https:\/\/revistazetta.com\/index.php?rest_route=%2Fwp%2Fv2%2Fcategories&post=14351"},{"taxonomy":"post_tag","embeddable":true,"href":"https:\/\/revistazetta.com\/index.php?rest_route=%2Fwp%2Fv2%2Ftags&post=14351"}],"curies":[{"name":"wp","href":"https:\/\/api.w.org\/{rel}","templated":true}]}}