{"id":14353,"date":"2016-07-11T05:17:26","date_gmt":"2016-07-11T10:17:26","guid":{"rendered":"http:\/\/www.revistazetta.com\/?p=14353"},"modified":"2016-07-11T05:17:26","modified_gmt":"2016-07-11T10:17:26","slug":"alcalde-inaugura-cinco-frentes-seguridad-activa-alarmas-comunitarias","status":"publish","type":"post","link":"https:\/\/revistazetta.com\/?p=14353","title":{"rendered":"Alcalde inaugura cinco frentes de seguridad y activa alarmas comunitarias"},"content":{"rendered":"<p>El Alcalde Manolo Duque, el director de Distriseguridad, Jos\u00e9 Ricaurte y parte del equipo del Gobierno Primero la Gente, inauguraron cinco frentes de seguridad y entregaron un sistema de alarmas comunitarias en cada barrio visitado dentro de la estrategia \u2018Menos Miedos M\u00e1s Acciones por la Seguridad\u2019.<\/p>\n<p>Esta estrategia busca sensibilizar e incentivar a la ciudadan\u00eda a trabajar de manera conjunta entre fuerza p\u00fablica, comunidad y gobierno para as\u00ed contribuir a la seguridad ciudadana.<\/p>\n<p>Los barrios que visit\u00f3 el Alcalde fueron: Daniel Lemaitre, Vista Hermosa, Escall\u00f3n Villa, El Poz\u00f3n y termin\u00f3 en el barrio que lo vio crecer: Blas de Lezo. Ah\u00ed comparti\u00f3 con sus vecinos de toda la vida, los felicit\u00f3 por estar organizados y reiter\u00f3 que cuentan con su apoyo incondicional para seguir adelante y trabajar por la seguridad del sector.<\/p>\n<p> \u201cSi se trabaja articuladamente podemos dar resultados positivos, por eso hoy hemos estado todo el d\u00eda dedicados a visitar los barrios para decirle a la gente que no tenga miedo y que hagan m\u00e1s acciones positivas con sus vecinos en pro de la seguridad ciudadana\u201d, dijo el Alcalde Duque.<\/p>\n<p>Jhonny Alc\u00e1zar, habitante de Daniel Lemaitre manifest\u00f3: \u201ccon este frente de seguridad hemos logrado una uni\u00f3n entre los vecinos. Hoy dialogamos m\u00e1s y se han limado asperezas que hab\u00eda entre muchos. Los frentes de seguridad permiten que estemos m\u00e1s cerca y ayudarnos unos con otros en caso de presentarse alguna enfermedad o algo que requiera la ayuda de todos\u201d.<\/p>\n<p>A su vez Justo Valdelamar, habitante del barrio Escall\u00f3n Villa, dijo \u201cDesde que formamos el frente de seguridad y cada quien tiene pulsadores en su casa, cada vez que vemos algo sospechoso en el barrio llamamos al vecino para que tambi\u00e9n est\u00e9 alerta. Aqu\u00ed nadie se nos escapa. La Polic\u00eda del cuadrante nos apoya y siempre est\u00e1 pendiente\u201d.<\/p>\n<p>Durante el desarrollo de la actividad programada en Escall\u00f3n Villa el Alcalde Manolo Duque pidi\u00f3 un minuto de silencio para honrar la memoria de un gran periodista, Willi Cassiani, como s\u00edmbolo de respeto y cari\u00f1o por ese amigo con el cual comparti\u00f3 momentos inolvidables.<\/p>\n","protected":false},"excerpt":{"rendered":"<p>El Alcalde Manolo Duque, el director de Distriseguridad, Jos\u00e9 Ricaurte y parte del equipo del Gobierno Primero la Gente, inauguraron cinco frentes de seguridad y entregaron un sistema de alarmas comunitarias en cada barrio visitado dentro de la estrategia \u2018Menos Miedos M\u00e1s Acciones por la Seguridad\u2019. Esta estrategia busca sensibilizar e incentivar a la ciudadan\u00eda a trabajar de manera conjunta entre fuerza p\u00fablica, comunidad y gobierno para as\u00ed contribuir a la seguridad ciudadana. Los barrios que visit\u00f3 el Alcalde fueron: Daniel Lemaitre, Vista Hermosa, Escall\u00f3n Villa, El Poz\u00f3n y termin\u00f3&#8230; <\/p>\n","protected":false},"author":3,"featured_media":14354,"comment_status":"open","ping_status":"closed","sticky":false,"template":"","format":"standard","meta":{"footnotes":"","_links_to":"","_links_to_target":""},"categories":[75,32,88],"tags":[],"class_list":["post-14353","post","type-post","status-publish","format-standard","has-post-thumbnail","hentry","category-destacada","category-actualidad-distrito","category-seguridad"],"_links":{"self":[{"href":"https:\/\/revistazetta.com\/index.php?rest_route=\/wp\/v2\/posts\/14353","targetHints":{"allow":["GET"]}}],"collection":[{"href":"https:\/\/revistazetta.com\/index.php?rest_route=\/wp\/v2\/posts"}],"about":[{"href":"https:\/\/revistazetta.com\/index.php?rest_route=\/wp\/v2\/types\/post"}],"author":[{"embeddable":true,"href":"https:\/\/revistazetta.com\/index.php?rest_route=\/wp\/v2\/users\/3"}],"replies":[{"embeddable":true,"href":"https:\/\/revistazetta.com\/index.php?rest_route=%2Fwp%2Fv2%2Fcomments&post=14353"}],"version-history":[{"count":0,"href":"https:\/\/revistazetta.com\/index.php?rest_route=\/wp\/v2\/posts\/14353\/revisions"}],"wp:featuredmedia":[{"embeddable":true,"href":"https:\/\/revistazetta.com\/index.php?rest_route=\/wp\/v2\/media\/14354"}],"wp:attachment":[{"href":"https:\/\/revistazetta.com\/index.php?rest_route=%2Fwp%2Fv2%2Fmedia&parent=14353"}],"wp:term":[{"taxonomy":"category","embeddable":true,"href":"https:\/\/revistazetta.com\/index.php?rest_route=%2Fwp%2Fv2%2Fcategories&post=14353"},{"taxonomy":"post_tag","embeddable":true,"href":"https:\/\/revistazetta.com\/index.php?rest_route=%2Fwp%2Fv2%2Ftags&post=14353"}],"curies":[{"name":"wp","href":"https:\/\/api.w.org\/{rel}","templated":true}]}}