{"id":14355,"date":"2016-07-11T10:18:33","date_gmt":"2016-07-11T15:18:33","guid":{"rendered":"http:\/\/www.revistazetta.com\/?p=14355"},"modified":"2016-07-11T10:19:23","modified_gmt":"2016-07-11T15:19:23","slug":"indupollo-desmonta-unidad-culpable-malos-olores-campestre","status":"publish","type":"post","link":"https:\/\/revistazetta.com\/?p=14355","title":{"rendered":"Indupollo desmonta unidad culpable de malos olores en El Campestre"},"content":{"rendered":"<p><em>Secretar\u00eda de Educaci\u00f3n y rectores de colegios Berta B\u00e1ladi y 20 de Julio recorren trabajos de la planta procesadora de pollos.<br \/>\n <\/em><br \/>\nPor muchos a\u00f1os los vecinos de la planta de Indupollo en El Campestre, especialmente los alumnos de los colegios Berta B\u00e1ladi y 20 de Julio, sufrieron por la emanaci\u00f3n de olores desagradables. Ahora esperan que la situaci\u00f3n haya llegado a su fin con el anuncio del desmonte de la unidad que los generaba.<\/p>\n<p>El secretario de Educaci\u00f3n Distrital, Germ\u00e1n Sierra Anaya, y los rectores de esos colegios, Manuel Avenda\u00f1o y Johny Luna, efectuaron un recorrido por la planta, donde el nuevo gerente, Luis Felipe Ossa, mostr\u00f3 el lugar donde fue desmontada la unidad. \u201cSe trataba de un cooker que fue retirado por completo, donde se procesaban plumas, v\u00edsceras y sangre\u201d, explic\u00f3.<\/p>\n<p>Indic\u00f3 que Indupollo emprendi\u00f3 la reconversi\u00f3n total de la planta, con una nueva l\u00ednea de producci\u00f3n completamente sistematizada, trabajos que deben concluir en agosto pr\u00f3ximo luego de dos a\u00f1os de inversiones.<\/p>\n<p><img loading=\"lazy\" decoding=\"async\" src=\"https:\/\/www.revistazetta.com\/wp-content\/uploads\/2016\/07\/Indupollo-1-300x188.jpg\" alt=\"Indupollo 1\" width=\"300\" height=\"188\" class=\"aligncenter size-medium wp-image-14356\" srcset=\"https:\/\/revistazetta.com\/wp-content\/uploads\/2016\/07\/Indupollo-1-300x188.jpg 300w, https:\/\/revistazetta.com\/wp-content\/uploads\/2016\/07\/Indupollo-1-234x146.jpg 234w, https:\/\/revistazetta.com\/wp-content\/uploads\/2016\/07\/Indupollo-1-50x31.jpg 50w, https:\/\/revistazetta.com\/wp-content\/uploads\/2016\/07\/Indupollo-1-120x75.jpg 120w, https:\/\/revistazetta.com\/wp-content\/uploads\/2016\/07\/Indupollo-1.jpg 576w\" sizes=\"auto, (max-width: 300px) 100vw, 300px\" \/><br \/>\n<em><strong>Luis Felipe Ossa, nuevo gerente de Indupollo, al t\u00e9rmino del recorrido por los trabajos en la planta de El Campestre, junto con Manuel Avenda\u00f1o, rector colegio Berta B\u00e1ladi; Germ\u00e1n Sierra, secretario de Educaci\u00f3n Distrital; Juan Carlos Urango, director de Cobertura Educativa, y Jonhy Luna, rector colegio 20 de Julio<\/strong>.<\/em><\/p>\n<p>El gerente de Indupollo dijo que la empresa se encuentra en una nueva etapa donde desea mejorar la relaci\u00f3n con sus vecinos, con el medio ambiente y donde se ha fijado nuevos rumbos en materia de responsabilidad social empresarial.<\/p>\n<p>\u201cEsta semana iniciamos el mejoramiento de la cancha deportiva, en coordinaci\u00f3n con la Junta de Acci\u00f3n Comunal y la Alcald\u00eda Local, y esperamos que con el Ider podamos dejarla al servicio del deporte y el civismo\u201d, anot\u00f3 Ossa Osorio.<\/p>\n<p>Sierra Anaya pidi\u00f3 que se levantara un acta de la visita y de los compromisos adquiridos, a la par que se invit\u00f3 al EPA para que hiciera seguimiento. El Secretario De Educaci\u00f3n incluy\u00f3 de inmediato este caso en el programa de mejoramiento del entorno escolar, en el que participan varias instituciones distritales y nacionales.<\/p>\n<p><img loading=\"lazy\" decoding=\"async\" src=\"https:\/\/www.revistazetta.com\/wp-content\/uploads\/2016\/07\/Indupollo-2-300x188.jpg\" alt=\"Indupollo 2\" width=\"300\" height=\"188\" class=\"aligncenter size-medium wp-image-14357\" srcset=\"https:\/\/revistazetta.com\/wp-content\/uploads\/2016\/07\/Indupollo-2-300x188.jpg 300w, https:\/\/revistazetta.com\/wp-content\/uploads\/2016\/07\/Indupollo-2-234x146.jpg 234w, https:\/\/revistazetta.com\/wp-content\/uploads\/2016\/07\/Indupollo-2-50x31.jpg 50w, https:\/\/revistazetta.com\/wp-content\/uploads\/2016\/07\/Indupollo-2-120x75.jpg 120w, https:\/\/revistazetta.com\/wp-content\/uploads\/2016\/07\/Indupollo-2.jpg 576w\" sizes=\"auto, (max-width: 300px) 100vw, 300px\" \/><br \/>\n<em><strong>Germ\u00e1n Sierra, secretario de Educaci\u00f3n Distrital, solicit\u00f3 el levantamiento de un acta y el seguimiento a los compromisos para mejorar las condiciones del entorno escolar<\/strong>.<\/em><\/p>\n<p>El rector del colegio Berta B\u00e1ladi, cuya pared es contigua a la planta, relat\u00f3 que por mucho tiempo se han visto afectados por los malos olores, y que muchas veces los alumnos, especialmente los m\u00e1s peque\u00f1os, han padecido de nauseas, v\u00f3mitos y malestar general.<\/p>\n<p>Ambos rectores coincidieron en reconocer que los olores han disminuido notoriamente, pero subsisten, por lo que la empresa se comprometi\u00f3 a apresurar la puesta en funcionamiento de las nuevas l\u00edneas, cuya tecnolog\u00eda de punta contrasta con los equipos que por 30 a\u00f1os han funcionado all\u00ed.<\/p>\n<p>Indupollo refiri\u00f3 que procesa 40 mil pollos diarios y genera cerca de 1.000 empleos directos, a la vez que desarrolla una pol\u00edtica de incorporaci\u00f3n de trabajadores provenientes de los barrios vecinos. Adem\u00e1s, con estudiantes del Sena y apoyo de la C\u00e1mara de Comercio, tiene un programa de emprendimiento a trav\u00e9s de su l\u00ednea de carnes fr\u00edas, para que las amas de casa del sector puedan comercializar esos productos y generar ingresos familiares.<\/p>\n<p>Un delegado del EPA record\u00f3 que el \u00faltimo cierre de la planta de Indupollo fue en febrero pasado, cuando se present\u00f3 un episodio de alt\u00edsimo olor, y que hay en curso un proceso sancionatorio. La medida se levant\u00f3 con el compromiso de un plan de mejoras, cuya verificaci\u00f3n se hace peri\u00f3dicamente.<\/p>\n<p><img loading=\"lazy\" decoding=\"async\" src=\"https:\/\/www.revistazetta.com\/wp-content\/uploads\/2016\/07\/Indupollo-3-300x188.jpg\" alt=\"Indupollo 3\" width=\"300\" height=\"188\" class=\"aligncenter size-medium wp-image-14358\" srcset=\"https:\/\/revistazetta.com\/wp-content\/uploads\/2016\/07\/Indupollo-3-300x188.jpg 300w, https:\/\/revistazetta.com\/wp-content\/uploads\/2016\/07\/Indupollo-3-234x146.jpg 234w, https:\/\/revistazetta.com\/wp-content\/uploads\/2016\/07\/Indupollo-3-50x31.jpg 50w, https:\/\/revistazetta.com\/wp-content\/uploads\/2016\/07\/Indupollo-3-120x75.jpg 120w, https:\/\/revistazetta.com\/wp-content\/uploads\/2016\/07\/Indupollo-3.jpg 576w\" sizes=\"auto, (max-width: 300px) 100vw, 300px\" \/><br \/>\n<em><strong>Luis Felipe Ossa, nuevo gerente de Indupollo, explic\u00f3 las inversiones que se vienen haciendo para renovar toda la l\u00ednea de producci\u00f3n, y ser m\u00e1s amigables con el ambiente y la comunidad.<\/strong><br \/>\n<\/em><\/p>\n<p><img loading=\"lazy\" decoding=\"async\" src=\"https:\/\/www.revistazetta.com\/wp-content\/uploads\/2016\/07\/Indupollo-4-300x188.jpg\" alt=\"Indupollo 4\" width=\"300\" height=\"188\" class=\"aligncenter size-medium wp-image-14359\" srcset=\"https:\/\/revistazetta.com\/wp-content\/uploads\/2016\/07\/Indupollo-4-300x188.jpg 300w, https:\/\/revistazetta.com\/wp-content\/uploads\/2016\/07\/Indupollo-4-234x146.jpg 234w, https:\/\/revistazetta.com\/wp-content\/uploads\/2016\/07\/Indupollo-4-50x31.jpg 50w, https:\/\/revistazetta.com\/wp-content\/uploads\/2016\/07\/Indupollo-4-120x75.jpg 120w, https:\/\/revistazetta.com\/wp-content\/uploads\/2016\/07\/Indupollo-4.jpg 576w\" sizes=\"auto, (max-width: 300px) 100vw, 300px\" \/><br \/>\n<em><strong>Recorrido por un sector completamente renovado de la planta de Indupollo en El Campestre<\/strong>.<\/em><\/p>\n<p><img loading=\"lazy\" decoding=\"async\" src=\"https:\/\/www.revistazetta.com\/wp-content\/uploads\/2016\/07\/Indupollo-5-300x188.jpg\" alt=\"Indupollo 5\" width=\"300\" height=\"188\" class=\"aligncenter size-medium wp-image-14360\" srcset=\"https:\/\/revistazetta.com\/wp-content\/uploads\/2016\/07\/Indupollo-5-300x188.jpg 300w, https:\/\/revistazetta.com\/wp-content\/uploads\/2016\/07\/Indupollo-5-234x146.jpg 234w, https:\/\/revistazetta.com\/wp-content\/uploads\/2016\/07\/Indupollo-5-50x31.jpg 50w, https:\/\/revistazetta.com\/wp-content\/uploads\/2016\/07\/Indupollo-5-120x75.jpg 120w, https:\/\/revistazetta.com\/wp-content\/uploads\/2016\/07\/Indupollo-5.jpg 576w\" sizes=\"auto, (max-width: 300px) 100vw, 300px\" \/><br \/>\n<em><strong>Una profesional encargada de los asuntos ambientales de Indupollo, explica los cambios que se introducen a la planta<\/strong><\/em>.<\/p>\n<p><img loading=\"lazy\" decoding=\"async\" src=\"https:\/\/www.revistazetta.com\/wp-content\/uploads\/2016\/07\/Indupollo-6-300x188.jpg\" alt=\"Indupollo 6\" width=\"300\" height=\"188\" class=\"aligncenter size-medium wp-image-14361\" srcset=\"https:\/\/revistazetta.com\/wp-content\/uploads\/2016\/07\/Indupollo-6-300x188.jpg 300w, https:\/\/revistazetta.com\/wp-content\/uploads\/2016\/07\/Indupollo-6-234x146.jpg 234w, https:\/\/revistazetta.com\/wp-content\/uploads\/2016\/07\/Indupollo-6-50x31.jpg 50w, https:\/\/revistazetta.com\/wp-content\/uploads\/2016\/07\/Indupollo-6-120x75.jpg 120w, https:\/\/revistazetta.com\/wp-content\/uploads\/2016\/07\/Indupollo-6.jpg 576w\" sizes=\"auto, (max-width: 300px) 100vw, 300px\" \/><br \/>\n<em><strong>Lugar donde se desmont\u00f3 el cooker que procesaba v\u00edsceras, sangre y plumas, y cuyo espacio se destinar\u00e1 a la ampliaci\u00f3n del \u00e1rea de operaciones<\/strong>.<br \/>\n<\/em><\/p>\n","protected":false},"excerpt":{"rendered":"<p>Secretar\u00eda de Educaci\u00f3n y rectores de colegios Berta B\u00e1ladi y 20 de Julio recorren trabajos de la planta procesadora de pollos. Por muchos a\u00f1os los vecinos de la planta de Indupollo en El Campestre, especialmente los alumnos de los colegios Berta B\u00e1ladi y 20 de Julio, sufrieron por la emanaci\u00f3n de olores desagradables. Ahora esperan que la situaci\u00f3n haya llegado a su fin con el anuncio del desmonte de la unidad que los generaba. El secretario de Educaci\u00f3n Distrital, Germ\u00e1n Sierra Anaya, y los rectores de esos colegios, Manuel Avenda\u00f1o&#8230; <\/p>\n","protected":false},"author":3,"featured_media":14362,"comment_status":"open","ping_status":"closed","sticky":false,"template":"","format":"standard","meta":{"footnotes":"","_links_to":"","_links_to_target":""},"categories":[75,2],"tags":[],"class_list":["post-14355","post","type-post","status-publish","format-standard","has-post-thumbnail","hentry","category-destacada","category-actualidad"],"_links":{"self":[{"href":"https:\/\/revistazetta.com\/index.php?rest_route=\/wp\/v2\/posts\/14355","targetHints":{"allow":["GET"]}}],"collection":[{"href":"https:\/\/revistazetta.com\/index.php?rest_route=\/wp\/v2\/posts"}],"about":[{"href":"https:\/\/revistazetta.com\/index.php?rest_route=\/wp\/v2\/types\/post"}],"author":[{"embeddable":true,"href":"https:\/\/revistazetta.com\/index.php?rest_route=\/wp\/v2\/users\/3"}],"replies":[{"embeddable":true,"href":"https:\/\/revistazetta.com\/index.php?rest_route=%2Fwp%2Fv2%2Fcomments&post=14355"}],"version-history":[{"count":0,"href":"https:\/\/revistazetta.com\/index.php?rest_route=\/wp\/v2\/posts\/14355\/revisions"}],"wp:featuredmedia":[{"embeddable":true,"href":"https:\/\/revistazetta.com\/index.php?rest_route=\/wp\/v2\/media\/14362"}],"wp:attachment":[{"href":"https:\/\/revistazetta.com\/index.php?rest_route=%2Fwp%2Fv2%2Fmedia&parent=14355"}],"wp:term":[{"taxonomy":"category","embeddable":true,"href":"https:\/\/revistazetta.com\/index.php?rest_route=%2Fwp%2Fv2%2Fcategories&post=14355"},{"taxonomy":"post_tag","embeddable":true,"href":"https:\/\/revistazetta.com\/index.php?rest_route=%2Fwp%2Fv2%2Ftags&post=14355"}],"curies":[{"name":"wp","href":"https:\/\/api.w.org\/{rel}","templated":true}]}}