{"id":14490,"date":"2016-07-15T06:02:34","date_gmt":"2016-07-15T11:02:34","guid":{"rendered":"http:\/\/www.revistazetta.com\/?p=14490"},"modified":"2016-07-15T06:02:34","modified_gmt":"2016-07-15T11:02:34","slug":"arranca-construccion-del-plan-desarrollo-local-seguridad-primero-la-gente-localidad","status":"publish","type":"post","link":"https:\/\/revistazetta.com\/?p=14490","title":{"rendered":"Arranca construcci\u00f3n del plan de desarrollo local \u2018Con seguridad, Primero la Gente en mi Localidad\u2019"},"content":{"rendered":"<p>El Gobierno de Primero la Gente a trav\u00e9s de la Alcald\u00eda de la Localidad Industrial y de la Bah\u00eda, inicia desde este lunes 18 de julio la elaboraci\u00f3n del plan de desarrollo local\u00a0Con seguridad, Primero la Gente en mi Localidad.<\/p>\n<p>La idea es que cada uno de los habitantes de esta zona de la ciudad, participen en las mesas que se han dispuesto para recepcionar las propuestas que beneficien a sus comunidades, explic\u00f3 la Alcaldesa de la Localidad Industrial y de la Bah\u00eda, Patricia Zapata Negrete.<\/p>\n<p>Dijo que se ha dise\u00f1ado un cronograma que permite cubrir en un 100% la Localidad en cada una de sus unidades comuneras de gobierno, por lo que la invitaci\u00f3n est\u00e1 abierta para que todas las comunidades participen en su construcci\u00f3n.<\/p>\n<p><strong>Cronograma:<\/strong><\/p>\n<p><strong>\u00a0<\/strong><\/p>\n<table>\n<tbody>\n<tr>\n<td width=\"113\"><strong>Fecha<\/strong><\/td>\n<td width=\"121\"><strong>Lugar<\/strong><\/td>\n<td width=\"90\"><strong>Hora<\/strong><\/td>\n<td width=\"73\"><strong>Comuna<\/strong><\/td>\n<\/tr>\n<tr>\n<td width=\"113\">Lunes 18 de Julio<\/td>\n<td width=\"121\">Casa Galgari<\/td>\n<td width=\"90\">8:00 a.m.<\/td>\n<td width=\"73\">11<\/td>\n<\/tr>\n<tr>\n<td width=\"113\">Lunes 18 de Julio<\/td>\n<td width=\"121\">I.E. Soledad Acosta de Samper<\/td>\n<td width=\"90\">2:00 p.m.<\/td>\n<td width=\"73\">12<\/td>\n<\/tr>\n<tr>\n<td width=\"113\">Martes 19 de Julio<\/td>\n<td width=\"121\">I.E. Ambientalista San Jos\u00e9 de los Campanos<\/td>\n<td width=\"90\">8:00 a.m.<\/td>\n<td width=\"73\">13<\/td>\n<\/tr>\n<tr>\n<td width=\"113\">Martes 19 de Julio<\/td>\n<td width=\"121\">I.E. San Francisco de As\u00eds (Arroz Barato, Puerta de Hierro, Policarpa y Villa Hermosa)<\/td>\n<td width=\"90\">2:00 p.m.<\/td>\n<td width=\"73\">11<\/td>\n<\/tr>\n<tr>\n<td width=\"113\">Jueves 21 de Julio<\/td>\n<td width=\"121\">Pasacaballos y Corregimientos<\/td>\n<td width=\"90\">8:00 a.m.<\/td>\n<td width=\"73\">Rural<\/td>\n<\/tr>\n<tr>\n<td width=\"113\">Viernes 22 de Julio<\/td>\n<td width=\"121\">I.E. Fe y Alegr\u00eda El Progreso<\/td>\n<td width=\"90\">8:00 a.m.<\/td>\n<td width=\"73\">15<\/td>\n<\/tr>\n<tr>\n<td width=\"113\">S\u00e1bado 23 de Julio<\/td>\n<td width=\"121\">I.E. Mercedes Abrego<\/td>\n<td width=\"90\">8:00 a.m.<\/td>\n<td width=\"73\">14<\/td>\n<\/tr>\n<\/tbody>\n<\/table>\n<p><strong>\u00a0<\/strong><\/p>\n<p>\u201cEsta es la oportunidad para que en entre todos construyamos esta importante herramienta, la cual es la carta de navegaci\u00f3n para el desarrollo en la localidad durante los pr\u00f3ximos cuatro a\u00f1os\u201d, se\u00f1al\u00f3 Zapata Negrete.<\/p>\n","protected":false},"excerpt":{"rendered":"<p>El Gobierno de Primero la Gente a trav\u00e9s de la Alcald\u00eda de la Localidad Industrial y de la Bah\u00eda, inicia desde este lunes 18 de julio la elaboraci\u00f3n del plan de desarrollo local\u00a0Con seguridad, Primero la Gente en mi Localidad. La idea es que cada uno de los habitantes de esta zona de la ciudad, participen en las mesas que se han dispuesto para recepcionar las propuestas que beneficien a sus comunidades, explic\u00f3 la Alcaldesa de la Localidad Industrial y de la Bah\u00eda, Patricia Zapata Negrete. Dijo que se ha&#8230; <\/p>\n","protected":false},"author":3,"featured_media":14497,"comment_status":"open","ping_status":"closed","sticky":false,"template":"","format":"standard","meta":{"footnotes":"","_links_to":"","_links_to_target":""},"categories":[32,88],"tags":[],"class_list":["post-14490","post","type-post","status-publish","format-standard","has-post-thumbnail","hentry","category-actualidad-distrito","category-seguridad"],"_links":{"self":[{"href":"https:\/\/revistazetta.com\/index.php?rest_route=\/wp\/v2\/posts\/14490","targetHints":{"allow":["GET"]}}],"collection":[{"href":"https:\/\/revistazetta.com\/index.php?rest_route=\/wp\/v2\/posts"}],"about":[{"href":"https:\/\/revistazetta.com\/index.php?rest_route=\/wp\/v2\/types\/post"}],"author":[{"embeddable":true,"href":"https:\/\/revistazetta.com\/index.php?rest_route=\/wp\/v2\/users\/3"}],"replies":[{"embeddable":true,"href":"https:\/\/revistazetta.com\/index.php?rest_route=%2Fwp%2Fv2%2Fcomments&post=14490"}],"version-history":[{"count":0,"href":"https:\/\/revistazetta.com\/index.php?rest_route=\/wp\/v2\/posts\/14490\/revisions"}],"wp:featuredmedia":[{"embeddable":true,"href":"https:\/\/revistazetta.com\/index.php?rest_route=\/wp\/v2\/media\/14497"}],"wp:attachment":[{"href":"https:\/\/revistazetta.com\/index.php?rest_route=%2Fwp%2Fv2%2Fmedia&parent=14490"}],"wp:term":[{"taxonomy":"category","embeddable":true,"href":"https:\/\/revistazetta.com\/index.php?rest_route=%2Fwp%2Fv2%2Fcategories&post=14490"},{"taxonomy":"post_tag","embeddable":true,"href":"https:\/\/revistazetta.com\/index.php?rest_route=%2Fwp%2Fv2%2Ftags&post=14490"}],"curies":[{"name":"wp","href":"https:\/\/api.w.org\/{rel}","templated":true}]}}