{"id":14506,"date":"2016-07-15T14:53:45","date_gmt":"2016-07-15T19:53:45","guid":{"rendered":"http:\/\/www.revistazetta.com\/?p=14506"},"modified":"2016-07-15T14:53:45","modified_gmt":"2016-07-15T19:53:45","slug":"bolivar-la-iii-sesion-la-comision-colombiana-del-oceano","status":"publish","type":"post","link":"https:\/\/revistazetta.com\/?p=14506","title":{"rendered":"Bol\u00edvar en la III Sesi\u00f3n de la Comisi\u00f3n Colombiana del Oc\u00e9ano"},"content":{"rendered":"<p>Este jueves se realiz\u00f3 la III Sesi\u00f3n de la CCO, en el Hotel Almirante Estelar, en donde se expusieron avances y resultados de los compromisos adquiridos en la II Sesi\u00f3n, celebrada el pasado 15 de Junio en Cove\u00f1as, Sucre.<\/p>\n<p>Se cont\u00f3 con la participaci\u00f3n del Vicepresidente de la Rep\u00fablica y Presidente de la Comisi\u00f3n Colombiana del Oc\u00e9ano, German Vargas Lleras; el secretario ejecutivo, contralmirante Juan Manuel Soltau Ospina; la senadora bolivarense Dayra Galvis; el presidente de la Agencia Nacional de Infraestructura (ANI), Luis Fernando Andrade; el ministro de Ambiente, Luis Murillo; entre otros invitados especiales.<\/p>\n<p>&nbsp;<\/p>\n<p><img loading=\"lazy\" decoding=\"async\" class=\"alignleft size-medium wp-image-14510\" src=\"https:\/\/www.revistazetta.com\/wp-content\/uploads\/2016\/07\/CCO3-300x187.jpg\" alt=\"CCO3\" width=\"300\" height=\"187\" srcset=\"https:\/\/revistazetta.com\/wp-content\/uploads\/2016\/07\/CCO3-300x187.jpg 300w, https:\/\/revistazetta.com\/wp-content\/uploads\/2016\/07\/CCO3-234x146.jpg 234w, https:\/\/revistazetta.com\/wp-content\/uploads\/2016\/07\/CCO3-50x31.jpg 50w, https:\/\/revistazetta.com\/wp-content\/uploads\/2016\/07\/CCO3-120x75.jpg 120w, https:\/\/revistazetta.com\/wp-content\/uploads\/2016\/07\/CCO3.jpg 570w\" sizes=\"auto, (max-width: 300px) 100vw, 300px\" \/> <img loading=\"lazy\" decoding=\"async\" class=\"alignleft size-medium wp-image-14509\" src=\"https:\/\/www.revistazetta.com\/wp-content\/uploads\/2016\/07\/CCO2-300x187.jpg\" alt=\"CCO2\" width=\"300\" height=\"187\" srcset=\"https:\/\/revistazetta.com\/wp-content\/uploads\/2016\/07\/CCO2-300x187.jpg 300w, https:\/\/revistazetta.com\/wp-content\/uploads\/2016\/07\/CCO2-234x146.jpg 234w, https:\/\/revistazetta.com\/wp-content\/uploads\/2016\/07\/CCO2-50x31.jpg 50w, https:\/\/revistazetta.com\/wp-content\/uploads\/2016\/07\/CCO2-120x75.jpg 120w, https:\/\/revistazetta.com\/wp-content\/uploads\/2016\/07\/CCO2.jpg 570w\" sizes=\"auto, (max-width: 300px) 100vw, 300px\" \/><\/p>\n<p>En la mesa de trabajo se dialogaron temas relacionados con los proyectos de infraestructura y portuarios del departamento de Bol\u00edvar, como los son: Ruta Caribe, el proyecto de la doble calzada de la Variante de Mamonal, Ruta del Sol III, la Transversal de las Am\u00e9ricas y\u00a0 la terminaci\u00f3n de la intervenci\u00f3n entre Tamalameque, Mompox y la Bodega.<\/p>\n<p>&nbsp;<\/p>\n<p>Ruta Caribe es un proyecto que se encuentra en la ruta entre Cartagena y Barranquilla por la Cordialidad, el cual tiene una inversi\u00f3n de $458.000.000 (Cuatrocientos cincuenta y ocho mil millones).<\/p>\n<p>&nbsp;<\/p>\n<p>el proyecto de la doble calzada de la Variante de Mamonal es la terminaci\u00f3n de la doble calzada entre Turbaco y Arjona. \u00a0La Ruta del Sol III, que tiene un tramo entre Carmen de Bol\u00edvar y Plato, cuenta con una inversi\u00f3n de $250.000.000 (Doscientos cincuenta mil millones).<\/p>\n<p><img loading=\"lazy\" decoding=\"async\" class=\"alignleft size-medium wp-image-14508\" src=\"https:\/\/www.revistazetta.com\/wp-content\/uploads\/2016\/07\/CCO1-300x187.jpg\" alt=\"CCO1\" width=\"300\" height=\"187\" srcset=\"https:\/\/revistazetta.com\/wp-content\/uploads\/2016\/07\/CCO1-300x187.jpg 300w, https:\/\/revistazetta.com\/wp-content\/uploads\/2016\/07\/CCO1-234x146.jpg 234w, https:\/\/revistazetta.com\/wp-content\/uploads\/2016\/07\/CCO1-50x31.jpg 50w, https:\/\/revistazetta.com\/wp-content\/uploads\/2016\/07\/CCO1-120x75.jpg 120w, https:\/\/revistazetta.com\/wp-content\/uploads\/2016\/07\/CCO1.jpg 570w\" sizes=\"auto, (max-width: 300px) 100vw, 300px\" \/> <img loading=\"lazy\" decoding=\"async\" class=\"alignleft size-medium wp-image-14511\" src=\"https:\/\/www.revistazetta.com\/wp-content\/uploads\/2016\/07\/CCO4-300x187.jpg\" alt=\"CCO4\" width=\"300\" height=\"187\" srcset=\"https:\/\/revistazetta.com\/wp-content\/uploads\/2016\/07\/CCO4-300x187.jpg 300w, https:\/\/revistazetta.com\/wp-content\/uploads\/2016\/07\/CCO4-234x146.jpg 234w, https:\/\/revistazetta.com\/wp-content\/uploads\/2016\/07\/CCO4-50x31.jpg 50w, https:\/\/revistazetta.com\/wp-content\/uploads\/2016\/07\/CCO4-120x75.jpg 120w, https:\/\/revistazetta.com\/wp-content\/uploads\/2016\/07\/CCO4.jpg 570w\" sizes=\"auto, (max-width: 300px) 100vw, 300px\" \/><\/p>\n<p>En el caso de la Transversal de las Am\u00e9ricas, se est\u00e1 interviniendo la v\u00eda entre Simit\u00ed y Cantagallo \u00a0y\u00a0 la terminaci\u00f3n de la intervenci\u00f3n entre Tamalameque, Mompox y la Bodega, la v\u00eda est\u00e1 ya pr\u00e1cticamente terminada.<\/p>\n<p>&nbsp;<\/p>\n<p>La inversi\u00f3n en el Departamento de Bol\u00edvar es de $300 mil billones, el cual busca mejorar la movilidad en el Departamento.<\/p>\n<p>&nbsp;<\/p>\n<p>En cuanto a inversi\u00f3n portuaria, 27 concesiones de la ANI hacen parte del Departamento de Bol\u00edvar y las inversiones que se han ejecutado de 2010 al 2015 en materia portuaria hacienden a quinientos veinticinco millones de d\u00f3lares.<\/p>\n<p>&nbsp;<\/p>\n<p>El gobernador de Bol\u00edvar, Dumek Turbay,\u00a0 agradeci\u00e9ndole al Vicepresidente, Germ\u00e1n Vargas Lleras por pensar en Bol\u00edvar y Cartagena, ya que considera que su presencia es sin\u00f3nimo de progreso y desarrollo para el Departamento y el pa\u00eds.<\/p>\n","protected":false},"excerpt":{"rendered":"<p>Este jueves se realiz\u00f3 la III Sesi\u00f3n de la CCO, en el Hotel Almirante Estelar, en donde se expusieron avances y resultados de los compromisos adquiridos en la II Sesi\u00f3n, celebrada el pasado 15 de Junio en Cove\u00f1as, Sucre. Se cont\u00f3 con la participaci\u00f3n del Vicepresidente de la Rep\u00fablica y Presidente de la Comisi\u00f3n Colombiana del Oc\u00e9ano, German Vargas Lleras; el secretario ejecutivo, contralmirante Juan Manuel Soltau Ospina; la senadora bolivarense Dayra Galvis; el presidente de la Agencia Nacional de Infraestructura (ANI), Luis Fernando Andrade; el ministro de Ambiente, Luis&#8230; <\/p>\n","protected":false},"author":3,"featured_media":14507,"comment_status":"open","ping_status":"closed","sticky":false,"template":"","format":"standard","meta":{"footnotes":"","_links_to":"","_links_to_target":""},"categories":[75,33],"tags":[],"class_list":["post-14506","post","type-post","status-publish","format-standard","has-post-thumbnail","hentry","category-destacada","category-actualidad-bolivar"],"_links":{"self":[{"href":"https:\/\/revistazetta.com\/index.php?rest_route=\/wp\/v2\/posts\/14506","targetHints":{"allow":["GET"]}}],"collection":[{"href":"https:\/\/revistazetta.com\/index.php?rest_route=\/wp\/v2\/posts"}],"about":[{"href":"https:\/\/revistazetta.com\/index.php?rest_route=\/wp\/v2\/types\/post"}],"author":[{"embeddable":true,"href":"https:\/\/revistazetta.com\/index.php?rest_route=\/wp\/v2\/users\/3"}],"replies":[{"embeddable":true,"href":"https:\/\/revistazetta.com\/index.php?rest_route=%2Fwp%2Fv2%2Fcomments&post=14506"}],"version-history":[{"count":0,"href":"https:\/\/revistazetta.com\/index.php?rest_route=\/wp\/v2\/posts\/14506\/revisions"}],"wp:featuredmedia":[{"embeddable":true,"href":"https:\/\/revistazetta.com\/index.php?rest_route=\/wp\/v2\/media\/14507"}],"wp:attachment":[{"href":"https:\/\/revistazetta.com\/index.php?rest_route=%2Fwp%2Fv2%2Fmedia&parent=14506"}],"wp:term":[{"taxonomy":"category","embeddable":true,"href":"https:\/\/revistazetta.com\/index.php?rest_route=%2Fwp%2Fv2%2Fcategories&post=14506"},{"taxonomy":"post_tag","embeddable":true,"href":"https:\/\/revistazetta.com\/index.php?rest_route=%2Fwp%2Fv2%2Ftags&post=14506"}],"curies":[{"name":"wp","href":"https:\/\/api.w.org\/{rel}","templated":true}]}}