{"id":14513,"date":"2016-07-15T15:40:23","date_gmt":"2016-07-15T20:40:23","guid":{"rendered":"http:\/\/www.revistazetta.com\/?p=14513"},"modified":"2016-07-16T05:27:07","modified_gmt":"2016-07-16T10:27:07","slug":"proyecto-establecer-revision-obligatoria-anual-todos-los-ascensores-cartagena","status":"publish","type":"post","link":"https:\/\/revistazetta.com\/?p=14513","title":{"rendered":"Proyecto para establecer revisi\u00f3n obligatoria anual a todos los ascensores de Cartagena"},"content":{"rendered":"<p>Revisi\u00f3n obligatoria a todos los ascensores de Cartagena como a otros tipos de transportes verticales tales como escaleras mec\u00e1nicas, montacargas, rampas\u00a0 ect., y puertas el\u00e9ctricas es lo que plantea el proyecto de de acuerdo puesto a consideraci\u00f3n ante\u00a0 el Concejo Distrital por los concejales Edgar Mendoza Saleme del partido conservador y Erich Pi\u00f1a Feliz del partido liberal.<\/p>\n<p>El \u00a0objetivo es lograr que se garantice \u00a0la seguridad en el funcionamiento y uso de estos sistemas de transporte vertical y puertas el\u00e9ctricas que est\u00e9n al servicio p\u00fablico y privado para prevenir la ocurrencia de accidentes.<\/p>\n<p>As\u00ed mismo, con el proyecto se busca determinar los par\u00e1metros t\u00e9cnicos de funcionamiento para este tipo de sistemas de transporte y que se estipule obligatoriedad de realizar anualmente \u00a0esta revisi\u00f3n de car\u00e1cter general.<\/p>\n<p>Pi\u00f1a y Mendoza consideran que en Cartagena es notoria la necesidad de establecer mecanismos de control para los sistemas de transporte mencionados, teniendo en cuenta que seg\u00fan datos reportados al Cuerpo de Bomberos de la ciudad, se realizan en promedio siete (7) rescates de este tipo al mes, la cual se considera una cifra alta si nos enmarcamos en las normas de calidad respectivas, la cual propenden por el cero errores como principio b\u00e1sico de calidad.<\/p>\n","protected":false},"excerpt":{"rendered":"<p>Revisi\u00f3n obligatoria a todos los ascensores de Cartagena como a otros tipos de transportes verticales tales como escaleras mec\u00e1nicas, montacargas, rampas\u00a0 ect., y puertas el\u00e9ctricas es lo que plantea el proyecto de de acuerdo puesto a consideraci\u00f3n ante\u00a0 el Concejo Distrital por los concejales Edgar Mendoza Saleme del partido conservador y Erich Pi\u00f1a Feliz del partido liberal. El \u00a0objetivo es lograr que se garantice \u00a0la seguridad en el funcionamiento y uso de estos sistemas de transporte vertical y puertas el\u00e9ctricas que est\u00e9n al servicio p\u00fablico y privado para prevenir la&#8230; <\/p>\n","protected":false},"author":3,"featured_media":14514,"comment_status":"open","ping_status":"closed","sticky":false,"template":"","format":"standard","meta":{"footnotes":"","_links_to":"","_links_to_target":""},"categories":[27,4],"tags":[],"class_list":["post-14513","post","type-post","status-publish","format-standard","has-post-thumbnail","hentry","category-politicaconcejo","category-politica"],"_links":{"self":[{"href":"https:\/\/revistazetta.com\/index.php?rest_route=\/wp\/v2\/posts\/14513","targetHints":{"allow":["GET"]}}],"collection":[{"href":"https:\/\/revistazetta.com\/index.php?rest_route=\/wp\/v2\/posts"}],"about":[{"href":"https:\/\/revistazetta.com\/index.php?rest_route=\/wp\/v2\/types\/post"}],"author":[{"embeddable":true,"href":"https:\/\/revistazetta.com\/index.php?rest_route=\/wp\/v2\/users\/3"}],"replies":[{"embeddable":true,"href":"https:\/\/revistazetta.com\/index.php?rest_route=%2Fwp%2Fv2%2Fcomments&post=14513"}],"version-history":[{"count":0,"href":"https:\/\/revistazetta.com\/index.php?rest_route=\/wp\/v2\/posts\/14513\/revisions"}],"wp:featuredmedia":[{"embeddable":true,"href":"https:\/\/revistazetta.com\/index.php?rest_route=\/wp\/v2\/media\/14514"}],"wp:attachment":[{"href":"https:\/\/revistazetta.com\/index.php?rest_route=%2Fwp%2Fv2%2Fmedia&parent=14513"}],"wp:term":[{"taxonomy":"category","embeddable":true,"href":"https:\/\/revistazetta.com\/index.php?rest_route=%2Fwp%2Fv2%2Fcategories&post=14513"},{"taxonomy":"post_tag","embeddable":true,"href":"https:\/\/revistazetta.com\/index.php?rest_route=%2Fwp%2Fv2%2Ftags&post=14513"}],"curies":[{"name":"wp","href":"https:\/\/api.w.org\/{rel}","templated":true}]}}