{"id":14588,"date":"2016-07-19T19:34:53","date_gmt":"2016-07-20T00:34:53","guid":{"rendered":"http:\/\/www.revistazetta.com\/?p=14588"},"modified":"2016-07-19T19:34:53","modified_gmt":"2016-07-20T00:34:53","slug":"alcaldia-verifica-se-cumpla-los-lunes-paz","status":"publish","type":"post","link":"https:\/\/revistazetta.com\/?p=14588","title":{"rendered":"Alcald\u00eda verifica que se cumpla con los \u00abLunes de paz\u00bb"},"content":{"rendered":"<p>As\u00ed se ha denominado a la estrategia del Gobierno de Primero la Gente, que aplica el Decreto que restringe la venta y consumo de licor los d\u00edas domingo y lunes en 40 barrios las tres localidades.\u00a0En compa\u00f1\u00eda de parte de su gabinete de despacho, el alcalde Manolo Duque hizo un recorrido por varios sectores priorizados por las autoridades para verificar el cumplimiento del decreto.<\/p>\n<p>Durante el recorrido, que se inici\u00f3 en el barrio San Francisco, sector \u2018El Wio\u2019, el mandatario lleg\u00f3 hasta los establecimientos de comercio donde frecuentemente se presentan desmanes y excesivo consumo de alcohol. Posteriormente el operativo nocturno continu\u00f3 por las comunidades de La Candelaria, La Mar\u00eda, La<strong> Esp<\/strong>eranza, Olaya Herrera, Los Alpes y San Jos\u00e9 de los Campanos.<\/p>\n<p>\u201cFuimos a puntos donde generalmente est\u00e1 la m\u00fasica y el expendio de licor para saber si se estaba acatando el decreto expedido por nuestro gobierno y para complacencia nuestra la verdad es que s\u00ed, en varios puntos la impresi\u00f3n fue muy buena. Creo que la percepci\u00f3n fue importante tambi\u00e9n porque fuimos con la fuerza policial y lo seguiremos haciendo todos los lunes\u201d, asegur\u00f3 el mandatario distrital.<\/p>\n<p><img loading=\"lazy\" decoding=\"async\" class=\"alignleft size-medium wp-image-14594\" src=\"https:\/\/www.revistazetta.com\/wp-content\/uploads\/2016\/07\/lunes-de-paz4-300x187.jpg\" alt=\"lunes de paz4\" width=\"300\" height=\"187\" srcset=\"https:\/\/revistazetta.com\/wp-content\/uploads\/2016\/07\/lunes-de-paz4-300x187.jpg 300w, https:\/\/revistazetta.com\/wp-content\/uploads\/2016\/07\/lunes-de-paz4-234x146.jpg 234w, https:\/\/revistazetta.com\/wp-content\/uploads\/2016\/07\/lunes-de-paz4-50x31.jpg 50w, https:\/\/revistazetta.com\/wp-content\/uploads\/2016\/07\/lunes-de-paz4-120x75.jpg 120w, https:\/\/revistazetta.com\/wp-content\/uploads\/2016\/07\/lunes-de-paz4.jpg 570w\" sizes=\"auto, (max-width: 300px) 100vw, 300px\" \/> <img loading=\"lazy\" decoding=\"async\" class=\"alignleft size-medium wp-image-14591\" src=\"https:\/\/www.revistazetta.com\/wp-content\/uploads\/2016\/07\/lunes-de-paz1-300x187.jpg\" alt=\"lunes de paz1\" width=\"300\" height=\"187\" srcset=\"https:\/\/revistazetta.com\/wp-content\/uploads\/2016\/07\/lunes-de-paz1-300x187.jpg 300w, https:\/\/revistazetta.com\/wp-content\/uploads\/2016\/07\/lunes-de-paz1-234x146.jpg 234w, https:\/\/revistazetta.com\/wp-content\/uploads\/2016\/07\/lunes-de-paz1-50x31.jpg 50w, https:\/\/revistazetta.com\/wp-content\/uploads\/2016\/07\/lunes-de-paz1-120x75.jpg 120w, https:\/\/revistazetta.com\/wp-content\/uploads\/2016\/07\/lunes-de-paz1.jpg 570w\" sizes=\"auto, (max-width: 300px) 100vw, 300px\" \/><\/p>\n<p>&nbsp;<\/p>\n<p>&nbsp;<\/p>\n<p>&nbsp;<\/p>\n<p>&nbsp;<\/p>\n<p>&nbsp;<\/p>\n<p>&nbsp;<\/p>\n<p>Fernando Ni\u00f1o Mendoza, Secretario del Interior, explic\u00f3 que se espera que la medida llegue a otras comunidades por solicitud misma de los cartageneros. \u201cHemos recibido varias solicitudes de ciudadanos y miembros del consejo de seguridad por lo que estamos haciendo un estudio t\u00e9cnico para verificar la pertinencia de ampliar la medida a otros sectores\u201d, explic\u00f3 el funcionario.<\/p>\n<p>El Decreto 0532<strong>\u00a0<\/strong>del 23 marzo de 2016 proh\u00edbe la venta y consumo de licor los d\u00edas domingo hasta las 10 de la noche y los lunes hasta las 9.<\/p>\n<p>La medida fue tomada por el Distrito en base a un an\u00e1lisis realizado por el programa de seguridad\u00a0 de la Secretar\u00eda del Interior y Convivencia Ciudadana\u00a0en el que se detect\u00f3 que la mayor\u00eda de homicidios y actos violentos ocurr\u00edan los domingos y los lunes, d\u00edas en los que se disparaba la venta de licor en ciertos barrios de Cartagena.<\/p>\n<p><img loading=\"lazy\" decoding=\"async\" class=\"alignleft size-medium wp-image-14592\" src=\"https:\/\/www.revistazetta.com\/wp-content\/uploads\/2016\/07\/lunes-de-paz2-300x187.jpg\" alt=\"lunes de paz2\" width=\"300\" height=\"187\" srcset=\"https:\/\/revistazetta.com\/wp-content\/uploads\/2016\/07\/lunes-de-paz2-300x187.jpg 300w, https:\/\/revistazetta.com\/wp-content\/uploads\/2016\/07\/lunes-de-paz2-234x146.jpg 234w, https:\/\/revistazetta.com\/wp-content\/uploads\/2016\/07\/lunes-de-paz2-50x31.jpg 50w, https:\/\/revistazetta.com\/wp-content\/uploads\/2016\/07\/lunes-de-paz2-120x75.jpg 120w, https:\/\/revistazetta.com\/wp-content\/uploads\/2016\/07\/lunes-de-paz2.jpg 570w\" sizes=\"auto, (max-width: 300px) 100vw, 300px\" \/> <img loading=\"lazy\" decoding=\"async\" class=\"alignleft size-medium wp-image-14593\" src=\"https:\/\/www.revistazetta.com\/wp-content\/uploads\/2016\/07\/lunes-de-paz3-300x187.jpg\" alt=\"lunes de paz3\" width=\"300\" height=\"187\" srcset=\"https:\/\/revistazetta.com\/wp-content\/uploads\/2016\/07\/lunes-de-paz3-300x187.jpg 300w, https:\/\/revistazetta.com\/wp-content\/uploads\/2016\/07\/lunes-de-paz3-234x146.jpg 234w, https:\/\/revistazetta.com\/wp-content\/uploads\/2016\/07\/lunes-de-paz3-50x31.jpg 50w, https:\/\/revistazetta.com\/wp-content\/uploads\/2016\/07\/lunes-de-paz3-120x75.jpg 120w, https:\/\/revistazetta.com\/wp-content\/uploads\/2016\/07\/lunes-de-paz3.jpg 570w\" sizes=\"auto, (max-width: 300px) 100vw, 300px\" \/><\/p>\n<p>Algunos de los barrios cobijados por la medida son: Daniel Lemaitre, Lo Amador, Nari\u00f1o, Pedro Salazar, Piedra de Bol\u00edvar, San Francisco, Loma Fresca, El Rub\u00ed, 7 de Agosto, Canapote, La Campi\u00f1a, Torices, Santa Mar\u00eda, Pablo VI I, Pablo VI II, Los Comuneros, Petare, Rep\u00fablica del Caribe, Palestina, La Paz, Para\u00edso I, San Bernardo, La Mar\u00eda, La Quinta, La Esperanza, Olaya Herrera, Nuevo Para\u00edso, Las Palmeras, La Candelaria, Boston, Tesca Nueva, El Poz\u00f3n, Flor del Campo, Bicentenario, Viejo Porvenir, Fredonia, sector Estela, Chiquinquir\u00e1, San Jos\u00e9 Obrero, Los \u00c1ngeles, San Antonio de Olaya, El Zapatero, El Carmelo, San Pedro M\u00e1rtir, Luis Carlos Gal\u00e1n, Nelson Mandela, Albornoz, San Jos\u00e9 de los Campanos, Jorge Eli\u00e9cer Gait\u00e1n, La Sierrita, Ceballos, Ciudadela 2000, Manuela Vergara de Curi, Villa Hermosa, 20 de Julio y los corregimientos de Pasacaballos y La Boquilla, junto a su vereda Puerto Rey. De igual forma la medida tambi\u00e9n est\u00e1 vigente en Bayuca y Pontezuela.<\/p>\n<p>En el operativo participaron Secretar\u00eda del Interior, Departamento Administrativo de Salud (Dadis), Distriseguridad, Cuerpo de Bomberos, Alcald\u00edas locales, Establecimiento P\u00fablico Ambiental (EPA), Espacio P\u00fablico y la Polic\u00eda Metropolitana de Cartagena.<\/p>\n","protected":false},"excerpt":{"rendered":"<p>As\u00ed se ha denominado a la estrategia del Gobierno de Primero la Gente, que aplica el Decreto que restringe la venta y consumo de licor los d\u00edas domingo y lunes en 40 barrios las tres localidades.\u00a0En compa\u00f1\u00eda de parte de su gabinete de despacho, el alcalde Manolo Duque hizo un recorrido por varios sectores priorizados por las autoridades para verificar el cumplimiento del decreto. Durante el recorrido, que se inici\u00f3 en el barrio San Francisco, sector \u2018El Wio\u2019, el mandatario lleg\u00f3 hasta los establecimientos de comercio donde frecuentemente se presentan&#8230; <\/p>\n","protected":false},"author":3,"featured_media":14595,"comment_status":"open","ping_status":"closed","sticky":false,"template":"","format":"standard","meta":{"footnotes":"","_links_to":"","_links_to_target":""},"categories":[32,85,86,88],"tags":[],"class_list":["post-14588","post","type-post","status-publish","format-standard","has-post-thumbnail","hentry","category-actualidad-distrito","category-cartagena","category-comunidad","category-seguridad"],"_links":{"self":[{"href":"https:\/\/revistazetta.com\/index.php?rest_route=\/wp\/v2\/posts\/14588","targetHints":{"allow":["GET"]}}],"collection":[{"href":"https:\/\/revistazetta.com\/index.php?rest_route=\/wp\/v2\/posts"}],"about":[{"href":"https:\/\/revistazetta.com\/index.php?rest_route=\/wp\/v2\/types\/post"}],"author":[{"embeddable":true,"href":"https:\/\/revistazetta.com\/index.php?rest_route=\/wp\/v2\/users\/3"}],"replies":[{"embeddable":true,"href":"https:\/\/revistazetta.com\/index.php?rest_route=%2Fwp%2Fv2%2Fcomments&post=14588"}],"version-history":[{"count":0,"href":"https:\/\/revistazetta.com\/index.php?rest_route=\/wp\/v2\/posts\/14588\/revisions"}],"wp:featuredmedia":[{"embeddable":true,"href":"https:\/\/revistazetta.com\/index.php?rest_route=\/wp\/v2\/media\/14595"}],"wp:attachment":[{"href":"https:\/\/revistazetta.com\/index.php?rest_route=%2Fwp%2Fv2%2Fmedia&parent=14588"}],"wp:term":[{"taxonomy":"category","embeddable":true,"href":"https:\/\/revistazetta.com\/index.php?rest_route=%2Fwp%2Fv2%2Fcategories&post=14588"},{"taxonomy":"post_tag","embeddable":true,"href":"https:\/\/revistazetta.com\/index.php?rest_route=%2Fwp%2Fv2%2Ftags&post=14588"}],"curies":[{"name":"wp","href":"https:\/\/api.w.org\/{rel}","templated":true}]}}