{"id":14628,"date":"2016-07-22T06:40:07","date_gmt":"2016-07-22T11:40:07","guid":{"rendered":"http:\/\/www.revistazetta.com\/?p=14628"},"modified":"2016-07-22T06:40:07","modified_gmt":"2016-07-22T11:40:07","slug":"bolivar-vive-la-gran-foro-feria-paz-desarrollo-rural","status":"publish","type":"post","link":"https:\/\/revistazetta.com\/?p=14628","title":{"rendered":"Bol\u00edvar vive la gran Foro-Feria Paz y Desarrollo Rural"},"content":{"rendered":"<p>Decenas de campesinos, agricultores y criaderos de diferentes tipos de ganado, comercializadores de dulces y gastronom\u00eda t\u00edpica bolivarense llegaron al \u00a0Centro Administrativo Departamental para unirse a la gran Foro-Feria Paz y Desarrollo Rural.<\/p>\n<p>&nbsp;<\/p>\n<p>El encargado de dar la bienvenida al foro fue precisamente Hector Herney Olaya, secretario de Agricultura de Bol\u00edvar, quien indic\u00f3 que esta Feria es muestra del apoyo contundente del Bol\u00edvar s\u00ed Avanza al campo bolivarense. \u201cLa idea es que este Foro-Feria quede institucionalizado y cada a\u00f1o por la misma fecha se repita. Que tengamos la oportunidad que la parte agropecuaria quede en la agenda de Bol\u00edvar.<\/p>\n<p><img loading=\"lazy\" decoding=\"async\" class=\"alignleft size-medium wp-image-14643\" src=\"https:\/\/www.revistazetta.com\/wp-content\/uploads\/2016\/07\/FFAB6-300x187.jpg\" alt=\"FFAB6\" width=\"300\" height=\"187\" srcset=\"https:\/\/revistazetta.com\/wp-content\/uploads\/2016\/07\/FFAB6-300x187.jpg 300w, https:\/\/revistazetta.com\/wp-content\/uploads\/2016\/07\/FFAB6-234x146.jpg 234w, https:\/\/revistazetta.com\/wp-content\/uploads\/2016\/07\/FFAB6-50x31.jpg 50w, https:\/\/revistazetta.com\/wp-content\/uploads\/2016\/07\/FFAB6-120x75.jpg 120w, https:\/\/revistazetta.com\/wp-content\/uploads\/2016\/07\/FFAB6.jpg 570w\" sizes=\"auto, (max-width: 300px) 100vw, 300px\" \/> <img loading=\"lazy\" decoding=\"async\" class=\"alignleft size-medium wp-image-14642\" src=\"https:\/\/www.revistazetta.com\/wp-content\/uploads\/2016\/07\/FFAB5-300x187.jpg\" alt=\"FFAB5\" width=\"300\" height=\"187\" srcset=\"https:\/\/revistazetta.com\/wp-content\/uploads\/2016\/07\/FFAB5-300x187.jpg 300w, https:\/\/revistazetta.com\/wp-content\/uploads\/2016\/07\/FFAB5-234x146.jpg 234w, https:\/\/revistazetta.com\/wp-content\/uploads\/2016\/07\/FFAB5-50x31.jpg 50w, https:\/\/revistazetta.com\/wp-content\/uploads\/2016\/07\/FFAB5-120x75.jpg 120w, https:\/\/revistazetta.com\/wp-content\/uploads\/2016\/07\/FFAB5.jpg 570w\" sizes=\"auto, (max-width: 300px) 100vw, 300px\" \/><\/p>\n<p>Eso es lo que nosotros queremos y tambi\u00e9n que los peque\u00f1os productores tambi\u00e9n puedan mostrar lo que est\u00e1n cosechando, lo que est\u00e1n sembrando. As\u00ed tambi\u00e9n agradecemos a la C\u00e1mara de Comercio de Cartagena nos ha tra\u00eddo compradores para que conozcan a los productores y evitar los intermediarios\u201d, expres\u00f3.<\/p>\n<p>&nbsp;<\/p>\n<p>Durante la jornada de este jueves se realizaron las conferencias \u201cTransformar el Campo en perspectiva de postconflicto en Bol\u00edvar\u201d, a cargo de Santiago Perry Rubio, exministro colombiano de agricultura; \u201cBol\u00edvar Siembra con acceso al cr\u00e9dito\u201d, de Cesar Augusto Cortez Otero, vicepresidente Banca Agropecuaria de Banco Agrario; \u201cColombia Siembra y comercializa\u201d, \u00a0de Adriana S\u00e9nior, funcionaria del Ministerio de Agricultura; y \u201cEnerg\u00edas renovables y desarrollo rural\u201d de William Su\u00e1rez de FAO.<\/p>\n<p>&nbsp;<\/p>\n<p>En la jornada de la tarde se realiz\u00f3 el conversatorio \u201cNueva ruralidad en Bol\u00edvar: Sociedad civil y Reformas para la Paz\u201d en el que participaron, Amaranto Daniels investigador de la Universidad de Cartagena; Ciro Canoles, representante del sector agrario de los Montes de Mar\u00eda y Hans Blumenthal, Creador del Premio Nacional de Paz, el moderador fue Danilo Contreras, asesor de la Gobernaci\u00f3n de Bol\u00edvar.<\/p>\n<p><img loading=\"lazy\" decoding=\"async\" class=\"alignleft size-medium wp-image-14640\" src=\"https:\/\/www.revistazetta.com\/wp-content\/uploads\/2016\/07\/FFAB3-300x187.jpg\" alt=\"FFAB3\" width=\"300\" height=\"187\" srcset=\"https:\/\/revistazetta.com\/wp-content\/uploads\/2016\/07\/FFAB3-300x187.jpg 300w, https:\/\/revistazetta.com\/wp-content\/uploads\/2016\/07\/FFAB3-234x146.jpg 234w, https:\/\/revistazetta.com\/wp-content\/uploads\/2016\/07\/FFAB3-50x31.jpg 50w, https:\/\/revistazetta.com\/wp-content\/uploads\/2016\/07\/FFAB3-120x75.jpg 120w, https:\/\/revistazetta.com\/wp-content\/uploads\/2016\/07\/FFAB3.jpg 570w\" sizes=\"auto, (max-width: 300px) 100vw, 300px\" \/> <img loading=\"lazy\" decoding=\"async\" class=\"alignleft size-medium wp-image-14638\" src=\"https:\/\/www.revistazetta.com\/wp-content\/uploads\/2016\/07\/FFAB-300x187.jpg\" alt=\"FFAB\" width=\"300\" height=\"187\" srcset=\"https:\/\/revistazetta.com\/wp-content\/uploads\/2016\/07\/FFAB-300x187.jpg 300w, https:\/\/revistazetta.com\/wp-content\/uploads\/2016\/07\/FFAB-234x146.jpg 234w, https:\/\/revistazetta.com\/wp-content\/uploads\/2016\/07\/FFAB-50x31.jpg 50w, https:\/\/revistazetta.com\/wp-content\/uploads\/2016\/07\/FFAB-120x75.jpg 120w, https:\/\/revistazetta.com\/wp-content\/uploads\/2016\/07\/FFAB.jpg 570w\" sizes=\"auto, (max-width: 300px) 100vw, 300px\" \/><\/p>\n<p>La Feria cuenta con el apoyo de la C\u00e1mara de Comercio de Cartagena, la Organizaci\u00f3n de las Naciones Unidas para la Alimentaci\u00f3n y la Agricultura \u2013FAO-, USAID y Caribegan. Adem\u00e1s Cabalgar entreg\u00f3 durante la tarde una muestra equina con los mejores ejemplares del departamento y sus expertos chalanes.<\/p>\n<p>&nbsp;<\/p>\n<p>Hoy \u00a0inicia a las 8 de la ma\u00f1ana\u00a0 y se extiende hasta las 4:30 p. m. La entrada es libre.<\/p>\n","protected":false},"excerpt":{"rendered":"<p>Decenas de campesinos, agricultores y criaderos de diferentes tipos de ganado, comercializadores de dulces y gastronom\u00eda t\u00edpica bolivarense llegaron al \u00a0Centro Administrativo Departamental para unirse a la gran Foro-Feria Paz y Desarrollo Rural. &nbsp; El encargado de dar la bienvenida al foro fue precisamente Hector Herney Olaya, secretario de Agricultura de Bol\u00edvar, quien indic\u00f3 que esta Feria es muestra del apoyo contundente del Bol\u00edvar s\u00ed Avanza al campo bolivarense. \u201cLa idea es que este Foro-Feria quede institucionalizado y cada a\u00f1o por la misma fecha se repita. Que tengamos la oportunidad&#8230; <\/p>\n","protected":false},"author":3,"featured_media":14644,"comment_status":"open","ping_status":"closed","sticky":false,"template":"","format":"standard","meta":{"footnotes":"","_links_to":"","_links_to_target":""},"categories":[2,33,80],"tags":[],"class_list":["post-14628","post","type-post","status-publish","format-standard","has-post-thumbnail","hentry","category-actualidad","category-actualidad-bolivar","category-region"],"_links":{"self":[{"href":"https:\/\/revistazetta.com\/index.php?rest_route=\/wp\/v2\/posts\/14628","targetHints":{"allow":["GET"]}}],"collection":[{"href":"https:\/\/revistazetta.com\/index.php?rest_route=\/wp\/v2\/posts"}],"about":[{"href":"https:\/\/revistazetta.com\/index.php?rest_route=\/wp\/v2\/types\/post"}],"author":[{"embeddable":true,"href":"https:\/\/revistazetta.com\/index.php?rest_route=\/wp\/v2\/users\/3"}],"replies":[{"embeddable":true,"href":"https:\/\/revistazetta.com\/index.php?rest_route=%2Fwp%2Fv2%2Fcomments&post=14628"}],"version-history":[{"count":0,"href":"https:\/\/revistazetta.com\/index.php?rest_route=\/wp\/v2\/posts\/14628\/revisions"}],"wp:featuredmedia":[{"embeddable":true,"href":"https:\/\/revistazetta.com\/index.php?rest_route=\/wp\/v2\/media\/14644"}],"wp:attachment":[{"href":"https:\/\/revistazetta.com\/index.php?rest_route=%2Fwp%2Fv2%2Fmedia&parent=14628"}],"wp:term":[{"taxonomy":"category","embeddable":true,"href":"https:\/\/revistazetta.com\/index.php?rest_route=%2Fwp%2Fv2%2Fcategories&post=14628"},{"taxonomy":"post_tag","embeddable":true,"href":"https:\/\/revistazetta.com\/index.php?rest_route=%2Fwp%2Fv2%2Ftags&post=14628"}],"curies":[{"name":"wp","href":"https:\/\/api.w.org\/{rel}","templated":true}]}}