{"id":14629,"date":"2016-07-22T06:21:41","date_gmt":"2016-07-22T11:21:41","guid":{"rendered":"http:\/\/www.revistazetta.com\/?p=14629"},"modified":"2016-07-22T06:39:33","modified_gmt":"2016-07-22T11:39:33","slug":"concejo-debate-situacion-cementerios-distritales","status":"publish","type":"post","link":"https:\/\/revistazetta.com\/?p=14629","title":{"rendered":"Prohibido morirse: cementerios a tope"},"content":{"rendered":"<p>El concejal Erich Pi\u00f1a, con la intenci\u00f3n de proponer soluciones dentro del marco legal y constitucional y evitar futuros problemas a las comunidades aleda\u00f1as a los cementerios, propuso un debate sobre cementerios distritales, considerados un servicio p\u00fablico.<\/p>\n<p>Entre los funcionarios citados\u00a0 se cont\u00f3 con la presencia de Luz Estela Caceres, Secretaria General, quien en su intervenci\u00f3n dijo: \u201cesta es una situaci\u00f3n por la que hemos venido trabajando con la Secretar\u00eda de Infraestructura para priorizar la inversi\u00f3n de los cementerios ($50 millones), desde la secretaria se han tomado acciones desde la limpieza de los cementerios y se adelantan dos procesos uno es la dotaci\u00f3n de los sepultureros y la realizaci\u00f3n de unos ba\u00f1os en el cementerio de Manga\u201d.<\/p>\n<p><img loading=\"lazy\" decoding=\"async\" class=\"alignleft size-medium wp-image-14631\" src=\"https:\/\/www.revistazetta.com\/wp-content\/uploads\/2016\/07\/ccd3-300x187.jpg\" alt=\"ccd3\" width=\"300\" height=\"187\" srcset=\"https:\/\/revistazetta.com\/wp-content\/uploads\/2016\/07\/ccd3-300x187.jpg 300w, https:\/\/revistazetta.com\/wp-content\/uploads\/2016\/07\/ccd3-234x146.jpg 234w, https:\/\/revistazetta.com\/wp-content\/uploads\/2016\/07\/ccd3-50x31.jpg 50w, https:\/\/revistazetta.com\/wp-content\/uploads\/2016\/07\/ccd3-120x75.jpg 120w, https:\/\/revistazetta.com\/wp-content\/uploads\/2016\/07\/ccd3.jpg 570w\" sizes=\"auto, (max-width: 300px) 100vw, 300px\" \/><\/p>\n<p>El Secretario de Infraestructura, Wilson Herrera, se\u00f1al\u00f3\u00a0que a\u00a0estos cementerios se le ha venido haciendo el mantenimiento pertinente, se tienen 5 sepultureros y como es conocido la capacidad de estos est\u00e1 desbordada; record\u00f3 adem\u00e1s que dentro del plan de desarrollo en su punto una Cartagena competitiva y sostenible esta la creaci\u00f3n de un nuevo cementerio moderno.<\/p>\n<p>El Dadis, que \u00a0cuenta con un programa de salud sanitaria y ambiente, efectivamente ha\u00a0corroborado que la capacidad de los cementerios lleg\u00f3 a su tope, a estos se le hace un seguimiento semanal para que no queden residuos s\u00f3lidos , al igual que cada semana se hacen fumigaciones y se realizan las respectivas recomendaciones que se deben tener en los cementerios, seg\u00fan inform\u00f3 Adriana Meza, directora de la entidad<\/p>\n<p>La Directora del EPA, Mar\u00eda Ang\u00e9lica Garc\u00eda, mencion\u00f3 que el distrito tiene 4 cementerios p\u00fablicos\u00a0a los que Cardique les realiza control ambiental, y el privado, Jardines de Cartagena, est\u00e1 cumpliendo con los residuos s\u00f3lidos que son debidamente recogidos por el operador.<\/p>\n<p>Ante el tema de los residuos, la concejal Angelica Hodeg \u00a0manifest\u00f3 como una preocupaci\u00f3n de su partido el resultado que se le est\u00e1 dando a los residuos de los cementerios, debe haber una entidad que realice el control y la recolecci\u00f3n de \u00e9stos bajo una empresa certificada y reconocida.<\/p>\n<p><img loading=\"lazy\" decoding=\"async\" class=\"alignleft size-medium wp-image-14632\" src=\"https:\/\/www.revistazetta.com\/wp-content\/uploads\/2016\/07\/ccd5-300x187.jpg\" alt=\"ccd5\" width=\"300\" height=\"187\" srcset=\"https:\/\/revistazetta.com\/wp-content\/uploads\/2016\/07\/ccd5-300x187.jpg 300w, https:\/\/revistazetta.com\/wp-content\/uploads\/2016\/07\/ccd5-234x146.jpg 234w, https:\/\/revistazetta.com\/wp-content\/uploads\/2016\/07\/ccd5-50x31.jpg 50w, https:\/\/revistazetta.com\/wp-content\/uploads\/2016\/07\/ccd5-120x75.jpg 120w, https:\/\/revistazetta.com\/wp-content\/uploads\/2016\/07\/ccd5.jpg 570w\" sizes=\"auto, (max-width: 300px) 100vw, 300px\" \/><\/p>\n<p>Desde el punto de vista cultural, Alfonso Cabrera, jefe de Divisi\u00f3n de Patrimonio y delegado de la Directora del IPCC coment\u00f3 que el instituto ha venido trabajado mancomunadamente con las secretar\u00edas para el mejoramiento del cementerio Santa Cruz de Manga que es de cuidado especial por su connotaci\u00f3n hist\u00f3rica y patrimonial; lo que se busca es elaborar un plan de manejo y protecci\u00f3n especial para el cementerio de Manga por sus dimensiones.<\/p>\n<p>De otro lado Luisa \u00c1lvarez, arquitecta especialista en\u00a0 cementerios, explic\u00f3 a la plenaria que la restauraci\u00f3n del cementerio es un imperativo \u00e9tico e hist\u00f3rico por lo que no se puede hacer una propuesta contempor\u00e1nea de esta categor\u00eda sin conocer la historia del cementerio Santa Cruz de Manga. Su\u00a0 propuesta busca convertir el cementerio en un museo para recuperar este patrimonio realizando una inversi\u00f3n aproximada de 3.000 millones de pesos.<\/p>\n<p><img loading=\"lazy\" decoding=\"async\" class=\"alignleft size-medium wp-image-14633\" src=\"https:\/\/www.revistazetta.com\/wp-content\/uploads\/2016\/07\/ccd6-300x187.jpg\" alt=\"ccd6\" width=\"300\" height=\"187\" srcset=\"https:\/\/revistazetta.com\/wp-content\/uploads\/2016\/07\/ccd6-300x187.jpg 300w, https:\/\/revistazetta.com\/wp-content\/uploads\/2016\/07\/ccd6-234x146.jpg 234w, https:\/\/revistazetta.com\/wp-content\/uploads\/2016\/07\/ccd6-50x31.jpg 50w, https:\/\/revistazetta.com\/wp-content\/uploads\/2016\/07\/ccd6-120x75.jpg 120w, https:\/\/revistazetta.com\/wp-content\/uploads\/2016\/07\/ccd6.jpg 570w\" sizes=\"auto, (max-width: 300px) 100vw, 300px\" \/><\/p>\n<p>Por su parte el presidente de la corporaci\u00f3n, Javier Curi, propuso decretar una emergencia sanitaria con lo que est\u00e1 pasando con los cementerios p\u00fablicos de Cartagena y gestionar en el gobierno nacional recursos para el mejoramiento y mantenimiento de los cementerios, en especial el de Manga que es patrimonio nacional.<\/p>\n<p>La bancada Conservadora intervino apoyando el debate, donde el concejal Jorge Useche se uni\u00f3 al grito de auxilio de los cartageneros,\u00a0para proponer hechos concretos sobre la infraestructura de los cementerios de Cartagena para que sean todos recuperados.<\/p>\n<p>El Concejal Conservador Edgar Mendoza pidi\u00f3 a al administraci\u00f3n establecer convenios con entidades privadas para mitigar la emergencia que se est\u00e1 viviendo con los cementerios actualmente.<\/p>\n","protected":false},"excerpt":{"rendered":"<p>El concejal Erich Pi\u00f1a, con la intenci\u00f3n de proponer soluciones dentro del marco legal y constitucional y evitar futuros problemas a las comunidades aleda\u00f1as a los cementerios, propuso un debate sobre cementerios distritales, considerados un servicio p\u00fablico. Entre los funcionarios citados\u00a0 se cont\u00f3 con la presencia de Luz Estela Caceres, Secretaria General, quien en su intervenci\u00f3n dijo: \u201cesta es una situaci\u00f3n por la que hemos venido trabajando con la Secretar\u00eda de Infraestructura para priorizar la inversi\u00f3n de los cementerios ($50 millones), desde la secretaria se han tomado acciones desde la&#8230; <\/p>\n","protected":false},"author":3,"featured_media":14630,"comment_status":"open","ping_status":"closed","sticky":false,"template":"","format":"standard","meta":{"footnotes":"","_links_to":"","_links_to_target":""},"categories":[75,27,4],"tags":[],"class_list":["post-14629","post","type-post","status-publish","format-standard","has-post-thumbnail","hentry","category-destacada","category-politicaconcejo","category-politica"],"_links":{"self":[{"href":"https:\/\/revistazetta.com\/index.php?rest_route=\/wp\/v2\/posts\/14629","targetHints":{"allow":["GET"]}}],"collection":[{"href":"https:\/\/revistazetta.com\/index.php?rest_route=\/wp\/v2\/posts"}],"about":[{"href":"https:\/\/revistazetta.com\/index.php?rest_route=\/wp\/v2\/types\/post"}],"author":[{"embeddable":true,"href":"https:\/\/revistazetta.com\/index.php?rest_route=\/wp\/v2\/users\/3"}],"replies":[{"embeddable":true,"href":"https:\/\/revistazetta.com\/index.php?rest_route=%2Fwp%2Fv2%2Fcomments&post=14629"}],"version-history":[{"count":0,"href":"https:\/\/revistazetta.com\/index.php?rest_route=\/wp\/v2\/posts\/14629\/revisions"}],"wp:featuredmedia":[{"embeddable":true,"href":"https:\/\/revistazetta.com\/index.php?rest_route=\/wp\/v2\/media\/14630"}],"wp:attachment":[{"href":"https:\/\/revistazetta.com\/index.php?rest_route=%2Fwp%2Fv2%2Fmedia&parent=14629"}],"wp:term":[{"taxonomy":"category","embeddable":true,"href":"https:\/\/revistazetta.com\/index.php?rest_route=%2Fwp%2Fv2%2Fcategories&post=14629"},{"taxonomy":"post_tag","embeddable":true,"href":"https:\/\/revistazetta.com\/index.php?rest_route=%2Fwp%2Fv2%2Ftags&post=14629"}],"curies":[{"name":"wp","href":"https:\/\/api.w.org\/{rel}","templated":true}]}}