{"id":14647,"date":"2016-07-23T14:24:25","date_gmt":"2016-07-23T19:24:25","guid":{"rendered":"http:\/\/www.revistazetta.com\/?p=14647"},"modified":"2016-07-23T14:26:42","modified_gmt":"2016-07-23T19:26:42","slug":"apuntando-mejorar-las-practicas-pedagogicas-las-aulas-clases-bolivar","status":"publish","type":"post","link":"https:\/\/revistazetta.com\/?p=14647","title":{"rendered":"Apuntando a innovar las pr\u00e1cticas pedag\u00f3gicas en las aulas de clases de Bol\u00edvar"},"content":{"rendered":"<p>El gobierno del \u201cBol\u00edvar S\u00cd Avanza\u201d que lidera el gobernador Dumek Turbay Paz, a trav\u00e9s de la Secretar\u00eda de Educaci\u00f3n, adelant\u00f3 con\u00a0 la comunidad educativa representada en docentes, directivos docentes, directores de Calse y estudiantes de todas las Zodes (Zonas de Desarrollo Econ\u00f3mico y Social), el Foro Educativo 2016 Ambiente Escolar: \u201cpor la Paz y la Convivencia Social\u201d, un espacio de dialogo, reflexi\u00f3n y an\u00e1lisis, orientados al mejoramiento de las practicas pedag\u00f3gicas en las aulas de clases.<\/p>\n<p><img loading=\"lazy\" decoding=\"async\" class=\"alignleft size-medium wp-image-14650\" src=\"https:\/\/www.revistazetta.com\/wp-content\/uploads\/2016\/07\/FE2-300x187.jpg\" alt=\"FE2\" width=\"300\" height=\"187\" srcset=\"https:\/\/revistazetta.com\/wp-content\/uploads\/2016\/07\/FE2-300x187.jpg 300w, https:\/\/revistazetta.com\/wp-content\/uploads\/2016\/07\/FE2-234x146.jpg 234w, https:\/\/revistazetta.com\/wp-content\/uploads\/2016\/07\/FE2-50x31.jpg 50w, https:\/\/revistazetta.com\/wp-content\/uploads\/2016\/07\/FE2-120x75.jpg 120w, https:\/\/revistazetta.com\/wp-content\/uploads\/2016\/07\/FE2.jpg 570w\" sizes=\"auto, (max-width: 300px) 100vw, 300px\" \/> <img loading=\"lazy\" decoding=\"async\" class=\"alignleft size-medium wp-image-14649\" src=\"https:\/\/www.revistazetta.com\/wp-content\/uploads\/2016\/07\/FE1-300x187.jpg\" alt=\"FE1\" width=\"300\" height=\"187\" srcset=\"https:\/\/revistazetta.com\/wp-content\/uploads\/2016\/07\/FE1-300x187.jpg 300w, https:\/\/revistazetta.com\/wp-content\/uploads\/2016\/07\/FE1-234x146.jpg 234w, https:\/\/revistazetta.com\/wp-content\/uploads\/2016\/07\/FE1-50x31.jpg 50w, https:\/\/revistazetta.com\/wp-content\/uploads\/2016\/07\/FE1-120x75.jpg 120w, https:\/\/revistazetta.com\/wp-content\/uploads\/2016\/07\/FE1.jpg 570w\" sizes=\"auto, (max-width: 300px) 100vw, 300px\" \/><\/p>\n<p>&nbsp;<\/p>\n<p>&nbsp;<\/p>\n<p>&nbsp;<\/p>\n<p>&nbsp;<\/p>\n<p>&nbsp;<\/p>\n<p>&nbsp;<\/p>\n<p>Por espacio de dos d\u00edas los asistentes tuvieron la oportunidad escuchar conferencias en temas trascendentales para afrontar el posconflicto, proceso de paz, tecnolog\u00edas, y de presentar experiencias significativas bajo 4 ejes estrat\u00e9gicos: escuelas seguras e incluyentes, escuelas que promueven la convivencia, ense\u00f1anzas y aprendizajes, y experiencias de los Centros de Desarrollo Infantil (CDI).<\/p>\n<p>&nbsp;<\/p>\n<p>En el Foro Educativo Departamental 2016 \u201cAmbiente escolar para la Paz y la Convivencia Social\u201d, se entregaron los lineamientos que deben seguir las instituciones educativas oficiales del departamento, para fortalecer las pr\u00e1cticas relevantes dentro de las aulas de clases y visibilicen el proceso de transformaci\u00f3n hacia una mejor educaci\u00f3n.<\/p>\n<p><img loading=\"lazy\" decoding=\"async\" class=\"alignleft size-medium wp-image-14651\" src=\"https:\/\/www.revistazetta.com\/wp-content\/uploads\/2016\/07\/FE5-300x187.jpg\" alt=\"FE5\" width=\"300\" height=\"187\" srcset=\"https:\/\/revistazetta.com\/wp-content\/uploads\/2016\/07\/FE5-300x187.jpg 300w, https:\/\/revistazetta.com\/wp-content\/uploads\/2016\/07\/FE5-234x146.jpg 234w, https:\/\/revistazetta.com\/wp-content\/uploads\/2016\/07\/FE5-50x31.jpg 50w, https:\/\/revistazetta.com\/wp-content\/uploads\/2016\/07\/FE5-120x75.jpg 120w, https:\/\/revistazetta.com\/wp-content\/uploads\/2016\/07\/FE5.jpg 570w\" sizes=\"auto, (max-width: 300px) 100vw, 300px\" \/> <img loading=\"lazy\" decoding=\"async\" class=\"alignleft size-medium wp-image-14652\" src=\"https:\/\/www.revistazetta.com\/wp-content\/uploads\/2016\/07\/FE6-300x187.jpg\" alt=\"FE6\" width=\"300\" height=\"187\" srcset=\"https:\/\/revistazetta.com\/wp-content\/uploads\/2016\/07\/FE6-300x187.jpg 300w, https:\/\/revistazetta.com\/wp-content\/uploads\/2016\/07\/FE6-234x146.jpg 234w, https:\/\/revistazetta.com\/wp-content\/uploads\/2016\/07\/FE6-50x31.jpg 50w, https:\/\/revistazetta.com\/wp-content\/uploads\/2016\/07\/FE6-120x75.jpg 120w, https:\/\/revistazetta.com\/wp-content\/uploads\/2016\/07\/FE6.jpg 570w\" sizes=\"auto, (max-width: 300px) 100vw, 300px\" \/><\/p>\n<p><strong>\u00a0<\/strong><\/p>\n<p>&nbsp;<\/p>\n<p>&nbsp;<\/p>\n<p>&nbsp;<\/p>\n<p>&nbsp;<\/p>\n<p>&nbsp;<\/p>\n<p><strong><u>Reconstrucci\u00f3n social de los ambientes escolares<\/u><\/strong><\/p>\n<p>Manuel Antonio Azuero Angulo, secretario de Educaci\u00f3n de Bol\u00edvar, asegur\u00f3 en su discurso de bienvenida que la administraci\u00f3n departamental asumi\u00f3 el reto de reconstruir econ\u00f3mica, social y en materia de infraestructura educativa, las escuelas oficiales de Bol\u00edvar, teniendo en cuenta una concepci\u00f3n renovada de las din\u00e1micas sociales, en las que cobra especial protagonismo la Educaci\u00f3n como motor de la din\u00e1mica social.<\/p>\n<p>El funcionario indic\u00f3 que la idea es adecuar\u00a0 ambientes escolares de aprendizajes integrado para el apoyo did\u00e1ctico y tecnol\u00f3gico en las aulas para ciencias, poniendo al alcance de los maestros y maestras de Bol\u00edvar herramientas tecnol\u00f3gicas que le permitan desarrollar las estrategias y procesos pedag\u00f3gicos de ense\u00f1anza.<\/p>\n<p>\u201cCon todo esto buscamos de alguna manera resarcir la enorme deuda que la naci\u00f3n tiene con el departamento de Bol\u00edvar en materia de educaci\u00f3n y que\u00a0 ha retrasado su crecimiento y desarrollo\u201d, puntualiz\u00f3 la primera autoridad educativa del departamento.<\/p>\n<p>&nbsp;<\/p>\n<p><strong><u>Transformaci\u00f3n con equidad<\/u><\/strong><\/p>\n<p>Por su parte, Pedro Pulido Franco, Coordinador de la Unidad de Calidad de la Secretar\u00eda de Educaci\u00f3n, dijo\u00a0 que las banderas\u00a0 espirituales del gobernador Dumek Turbay Paz, apuntan a la transformaci\u00f3n\u00a0 con\u00a0 equidad del sistema educativo oficial\u00a0 y sobre todo brindar m\u00e1s oportunidades a nuestros ni\u00f1os, ni\u00f1as y j\u00f3venes en las escuelas de los 44 municipios no certificados del departamento, \u00a0\u201cGobernar es hacer feliz a la gente y eso es lo que deseamos hacer con la ayuda de todos ustedes\u201d, indic\u00f3 el funcionario.<\/p>\n<p>&nbsp;<\/p>\n<p><strong><u>La escuela debe innovar<\/u><\/strong><\/p>\n<p>Luis Emil Sanabria Duran, presidente nacional Colegiado Redepaz, asegur\u00f3 que la escuela debe innovar, cambiar, transformar y tener liderazgo de pedagog\u00edas nuevas y sobre todo pensar que en las comunidades hay saberes, \u201clo m\u00e1s importante es saber que los estudiantes tienen un proyecto de vida que pueda apostarle a la paz y a\u00a0\u00a0construir pa\u00eds\u201d, precis\u00f3.<\/p>\n<p>Las mejores experiencias significativas seleccionadas, representar\u00e1n al departamento en el gran Foro Educativo Nacional, que se realizar\u00e1 en Bogot\u00e1 para el mes de octubre.<\/p>\n","protected":false},"excerpt":{"rendered":"<p>El gobierno del \u201cBol\u00edvar S\u00cd Avanza\u201d que lidera el gobernador Dumek Turbay Paz, a trav\u00e9s de la Secretar\u00eda de Educaci\u00f3n, adelant\u00f3 con\u00a0 la comunidad educativa representada en docentes, directivos docentes, directores de Calse y estudiantes de todas las Zodes (Zonas de Desarrollo Econ\u00f3mico y Social), el Foro Educativo 2016 Ambiente Escolar: \u201cpor la Paz y la Convivencia Social\u201d, un espacio de dialogo, reflexi\u00f3n y an\u00e1lisis, orientados al mejoramiento de las practicas pedag\u00f3gicas en las aulas de clases. &nbsp; &nbsp; &nbsp; &nbsp; &nbsp; &nbsp; Por espacio de dos d\u00edas los asistentes&#8230; <\/p>\n","protected":false},"author":3,"featured_media":14648,"comment_status":"open","ping_status":"closed","sticky":false,"template":"","format":"standard","meta":{"footnotes":"","_links_to":"","_links_to_target":""},"categories":[75,33],"tags":[],"class_list":["post-14647","post","type-post","status-publish","format-standard","has-post-thumbnail","hentry","category-destacada","category-actualidad-bolivar"],"_links":{"self":[{"href":"https:\/\/revistazetta.com\/index.php?rest_route=\/wp\/v2\/posts\/14647","targetHints":{"allow":["GET"]}}],"collection":[{"href":"https:\/\/revistazetta.com\/index.php?rest_route=\/wp\/v2\/posts"}],"about":[{"href":"https:\/\/revistazetta.com\/index.php?rest_route=\/wp\/v2\/types\/post"}],"author":[{"embeddable":true,"href":"https:\/\/revistazetta.com\/index.php?rest_route=\/wp\/v2\/users\/3"}],"replies":[{"embeddable":true,"href":"https:\/\/revistazetta.com\/index.php?rest_route=%2Fwp%2Fv2%2Fcomments&post=14647"}],"version-history":[{"count":0,"href":"https:\/\/revistazetta.com\/index.php?rest_route=\/wp\/v2\/posts\/14647\/revisions"}],"wp:featuredmedia":[{"embeddable":true,"href":"https:\/\/revistazetta.com\/index.php?rest_route=\/wp\/v2\/media\/14648"}],"wp:attachment":[{"href":"https:\/\/revistazetta.com\/index.php?rest_route=%2Fwp%2Fv2%2Fmedia&parent=14647"}],"wp:term":[{"taxonomy":"category","embeddable":true,"href":"https:\/\/revistazetta.com\/index.php?rest_route=%2Fwp%2Fv2%2Fcategories&post=14647"},{"taxonomy":"post_tag","embeddable":true,"href":"https:\/\/revistazetta.com\/index.php?rest_route=%2Fwp%2Fv2%2Ftags&post=14647"}],"curies":[{"name":"wp","href":"https:\/\/api.w.org\/{rel}","templated":true}]}}