{"id":14654,"date":"2016-07-23T14:38:53","date_gmt":"2016-07-23T19:38:53","guid":{"rendered":"http:\/\/www.revistazetta.com\/?p=14654"},"modified":"2016-07-23T21:56:56","modified_gmt":"2016-07-24T02:56:56","slug":"empresarios-cartageneros-presentes-expofierros-2016","status":"publish","type":"post","link":"https:\/\/revistazetta.com\/?p=14654","title":{"rendered":"Empresarios cartageneros presentes en Expofierros 2016"},"content":{"rendered":"<p>La C\u00e1mara de Comercio de Cartagena, a trav\u00e9s de su n\u00facleo empresarial\u00a0 ferretero, particip\u00f3 en \u00a0la cuarta \u00a0versi\u00f3n de Expofierros, una de las feria ferreteras m\u00e1s importantes de Latinoam\u00e9rica que re\u00fane a 3000 empresarios del gremio.<\/p>\n<p>Fueron 10 empresarios cartageneros los que asistieron en Bogot\u00e1 el pasado 14 y 15 de julio, al evento bienal que maneja compontes comerciales y acad\u00e9micos referentes al mercado de las industrias ferreteras, de construcci\u00f3n, el\u00e9ctricos y afines, con el prop\u00f3sito de generar negocios, as\u00ed como posibilidades de interacci\u00f3n entre empresarios y las marcas m\u00e1s representativas del mercado ferretero.<\/p>\n<p>Seg\u00fan David Reyes, integrante del n\u00facleo y gerente y propietario de la Ferreter\u00eda San Fernando, este a\u00f1o la experiencia fue grata, provechosa y diferente. \u201cSe hicieron contactos comerciales interesantes especialmente con proveedores de la Rep\u00fablica de China\u201d. Afirm\u00f3 el empresario.<\/p>\n<p>Los comerciantes asistentes al evento aseguraron que se establecieron potenciales negocios por valor aproximado a los $150 millones.<\/p>\n<p><strong>\u00a0<\/strong><\/p>\n<p><strong><u>Microfranquicias DIFEI caso exitoso<\/u><\/strong><\/p>\n<p>El sistema de Microfranquicia DIFEI, modelo de negocio que vincula a microempresarios y emprendedores a brindar los servicios que ofrece la Distribuidora Ferreter\u00eda Internacional S.A.S en diferentes contextos socio-econ\u00f3micos de Cartagena, fue presentado como caso exitoso en el congreso acad\u00e9mico de la feria por su l\u00edder y propietario Leonardo Loaiza.<\/p>\n<p>El empresario Cartagenero destac\u00f3 en su conferencia la importancia de crear empresa, no solo para obtener dinero sino para ayudar a los dem\u00e1s a vivir mejor, \u201cEl modelo de Microfranquicia es para m\u00ed la forma de ayudar a otros emprendedores a lograr sus sue\u00f1os, no ha sido f\u00e1cil pero mi consigna es trabajar sin descansar\u201d. Indic\u00f3 Loaiza<\/p>\n<p>&nbsp;<\/p>\n<p>&nbsp;<\/p>\n<p>El reconocido empresario galardonado en el 2015 con el premio de innovaci\u00f3n de Fenalco, cuenta que el trabajo desarrollado entre los a\u00f1os 2009 y 2013 en la red DIFEI (asociaci\u00f3n de 15 empresas ferreteras locales), le permiti\u00f3 fortalecer su modelo de negocio ferretero y determinar qu\u00e9 su misi\u00f3n es apoyar a trav\u00e9s de su experiencia empresarial a los nuevos emprendedores\u00a0 cartageneros.<\/p>\n<p>Actualmente Microfranquicias DIFEI tiene 8 puntos de ventas y pretende cerrar el \u00a0a\u00f1o \u00a0con 6 negocios m\u00e1s, para un total de 14 puntos en Cartagena.<\/p>\n<p>&nbsp;<\/p>\n<p><strong><u>Cifras del Comercio Local Ferretero<\/u><\/strong><\/p>\n<p>Seg\u00fan datos registrales de la C\u00e1mara, la formalizaci\u00f3n de empresas dedicadas al comercio al por mayor y al detal de art\u00edculos de ferreter\u00eda ha tenido un alto crecimiento desde el a\u00f1o 2013, vigencia en la que se constituyeron 693 empresas como personas naturales o jur\u00eddicas con un volumen en ventas de $1.017 MM aproximadamente, en el 2014 el n\u00famero de empresas aument\u00f3 llegando a las 847 con un volumen de ventas de $1.738 MM\u00a0 y en el \u00a02015 la cifra de empresas\u00a0 alcanz\u00f3 las 971 y las ventas que report\u00f3 el sector tuvieron un crecimiento del 70.79% comparadas con el a\u00f1o 2013, ubic\u00e1ndose en $1.817 MM.\u201d<\/p>\n","protected":false},"excerpt":{"rendered":"<p>La C\u00e1mara de Comercio de Cartagena, a trav\u00e9s de su n\u00facleo empresarial\u00a0 ferretero, particip\u00f3 en \u00a0la cuarta \u00a0versi\u00f3n de Expofierros, una de las feria ferreteras m\u00e1s importantes de Latinoam\u00e9rica que re\u00fane a 3000 empresarios del gremio. Fueron 10 empresarios cartageneros los que asistieron en Bogot\u00e1 el pasado 14 y 15 de julio, al evento bienal que maneja compontes comerciales y acad\u00e9micos referentes al mercado de las industrias ferreteras, de construcci\u00f3n, el\u00e9ctricos y afines, con el prop\u00f3sito de generar negocios, as\u00ed como posibilidades de interacci\u00f3n entre empresarios y las marcas m\u00e1s&#8230; <\/p>\n","protected":false},"author":3,"featured_media":0,"comment_status":"open","ping_status":"closed","sticky":false,"template":"","format":"standard","meta":{"footnotes":"","_links_to":"","_links_to_target":""},"categories":[50],"tags":[],"class_list":["post-14654","post","type-post","status-publish","format-standard","hentry","category-empresa"],"_links":{"self":[{"href":"https:\/\/revistazetta.com\/index.php?rest_route=\/wp\/v2\/posts\/14654","targetHints":{"allow":["GET"]}}],"collection":[{"href":"https:\/\/revistazetta.com\/index.php?rest_route=\/wp\/v2\/posts"}],"about":[{"href":"https:\/\/revistazetta.com\/index.php?rest_route=\/wp\/v2\/types\/post"}],"author":[{"embeddable":true,"href":"https:\/\/revistazetta.com\/index.php?rest_route=\/wp\/v2\/users\/3"}],"replies":[{"embeddable":true,"href":"https:\/\/revistazetta.com\/index.php?rest_route=%2Fwp%2Fv2%2Fcomments&post=14654"}],"version-history":[{"count":0,"href":"https:\/\/revistazetta.com\/index.php?rest_route=\/wp\/v2\/posts\/14654\/revisions"}],"wp:attachment":[{"href":"https:\/\/revistazetta.com\/index.php?rest_route=%2Fwp%2Fv2%2Fmedia&parent=14654"}],"wp:term":[{"taxonomy":"category","embeddable":true,"href":"https:\/\/revistazetta.com\/index.php?rest_route=%2Fwp%2Fv2%2Fcategories&post=14654"},{"taxonomy":"post_tag","embeddable":true,"href":"https:\/\/revistazetta.com\/index.php?rest_route=%2Fwp%2Fv2%2Ftags&post=14654"}],"curies":[{"name":"wp","href":"https:\/\/api.w.org\/{rel}","templated":true}]}}