{"id":14659,"date":"2016-07-24T09:23:25","date_gmt":"2016-07-24T14:23:25","guid":{"rendered":"http:\/\/www.revistazetta.com\/?p=14659"},"modified":"2016-07-24T10:37:15","modified_gmt":"2016-07-24T15:37:15","slug":"no-hubo-debate-vehiculos-traccion-animal","status":"publish","type":"post","link":"https:\/\/revistazetta.com\/?p=14659","title":{"rendered":"No hubo debate sobre veh\u00edculos de tracci\u00f3n animal"},"content":{"rendered":"<p>&nbsp;<\/p>\n<p>Se volvi\u00f3 a aplazar la proposici\u00f3n para debatir referente al tema de tracci\u00f3n animal en la ciudad\u00a0 de Cartagena debido a la inasistencia a del \u00a0Director del Datt, Edilberto Mendoza, funcionario fundamental para dar respuesta al cuestionario generado en el Concejo Distrital.<br \/>\nDicho aplazamiento lo propuso el concejal Lewis Montero quien pidi\u00f3 que se excluyera de la orden del d\u00eda \u00a0punto del debate sobre dicha proposici\u00f3n\u00a0ya que no se contar\u00eda con la informaci\u00f3n esencial para el desarrollo de la misma.<\/p>\n<p>&nbsp;<\/p>\n<p>Acto seguido, el Concejal Zaith Adechine hizo un llamado de atenci\u00f3n a la Administraci\u00f3n, puesto que en sesi\u00f3n pasada se hab\u00eda aplazado ya esta proposici\u00f3n, por el\u00a0 mismo motivo y manifest\u00f3: \u201c no podemos desarrollar un debate sino est\u00e1 presente una de las secretar\u00edas m\u00e1s importante para dilucidar este tema que es la encargada del Tr\u00e1nsito, por eso avalo el aplazamiento del debate para que podamos contar con todos los funcionarios, para que nos entreguen respuestas y planteen soluciones pertinentes y eficientes al problema que persiste en la ciudad que es el de transporte de veh\u00edculos de tracci\u00f3n animal\u00bb<\/p>\n<p>&nbsp;<\/p>\n<p>Asistieron al recinto del Concejo los citados Gustavo Gabriel Jim\u00e9nez Sierra, m\u00e9dico veterinario zootecnista, director general de la UMATA,\u00a0 el Arquitecto Javier Moreno Galvis en representaci\u00f3n de la Secretaria de Planeaci\u00f3n, el ingeniero Leonel Guardo Marrugo en delegaci\u00f3n de la Directora del EPA y Samir Pastrana Mart\u00ednez del barrio El Poz\u00f3n, como representante de las personas que trabajan con veh\u00edculo de tracci\u00f3n animal.<\/p>\n","protected":false},"excerpt":{"rendered":"<p>&nbsp; Se volvi\u00f3 a aplazar la proposici\u00f3n para debatir referente al tema de tracci\u00f3n animal en la ciudad\u00a0 de Cartagena debido a la inasistencia a del \u00a0Director del Datt, Edilberto Mendoza, funcionario fundamental para dar respuesta al cuestionario generado en el Concejo Distrital. Dicho aplazamiento lo propuso el concejal Lewis Montero quien pidi\u00f3 que se excluyera de la orden del d\u00eda \u00a0punto del debate sobre dicha proposici\u00f3n\u00a0ya que no se contar\u00eda con la informaci\u00f3n esencial para el desarrollo de la misma. &nbsp; Acto seguido, el Concejal Zaith Adechine hizo un&#8230; <\/p>\n","protected":false},"author":3,"featured_media":0,"comment_status":"open","ping_status":"closed","sticky":false,"template":"","format":"standard","meta":{"footnotes":"","_links_to":"","_links_to_target":""},"categories":[27,4],"tags":[],"class_list":["post-14659","post","type-post","status-publish","format-standard","hentry","category-politicaconcejo","category-politica"],"_links":{"self":[{"href":"https:\/\/revistazetta.com\/index.php?rest_route=\/wp\/v2\/posts\/14659","targetHints":{"allow":["GET"]}}],"collection":[{"href":"https:\/\/revistazetta.com\/index.php?rest_route=\/wp\/v2\/posts"}],"about":[{"href":"https:\/\/revistazetta.com\/index.php?rest_route=\/wp\/v2\/types\/post"}],"author":[{"embeddable":true,"href":"https:\/\/revistazetta.com\/index.php?rest_route=\/wp\/v2\/users\/3"}],"replies":[{"embeddable":true,"href":"https:\/\/revistazetta.com\/index.php?rest_route=%2Fwp%2Fv2%2Fcomments&post=14659"}],"version-history":[{"count":0,"href":"https:\/\/revistazetta.com\/index.php?rest_route=\/wp\/v2\/posts\/14659\/revisions"}],"wp:attachment":[{"href":"https:\/\/revistazetta.com\/index.php?rest_route=%2Fwp%2Fv2%2Fmedia&parent=14659"}],"wp:term":[{"taxonomy":"category","embeddable":true,"href":"https:\/\/revistazetta.com\/index.php?rest_route=%2Fwp%2Fv2%2Fcategories&post=14659"},{"taxonomy":"post_tag","embeddable":true,"href":"https:\/\/revistazetta.com\/index.php?rest_route=%2Fwp%2Fv2%2Ftags&post=14659"}],"curies":[{"name":"wp","href":"https:\/\/api.w.org\/{rel}","templated":true}]}}