{"id":14670,"date":"2016-07-24T11:12:11","date_gmt":"2016-07-24T16:12:11","guid":{"rendered":"http:\/\/www.revistazetta.com\/?p=14670"},"modified":"2016-07-25T07:33:50","modified_gmt":"2016-07-25T12:33:50","slug":"se-pide-accion-pronta-del-ipcc-respecto-balcones-peligrosos-centro-la-ciudad","status":"publish","type":"post","link":"https:\/\/revistazetta.com\/?p=14670","title":{"rendered":"Nueva alerta por balcones peligrosos en el Centro"},"content":{"rendered":"<p><img loading=\"lazy\" decoding=\"async\" class=\"alignleft size-medium wp-image-14683\" src=\"https:\/\/www.revistazetta.com\/wp-content\/uploads\/2016\/07\/Balcones-1-300x240.jpg\" alt=\"Balcones 1\" width=\"300\" height=\"240\" srcset=\"https:\/\/revistazetta.com\/wp-content\/uploads\/2016\/07\/Balcones-1-300x240.jpg 300w, https:\/\/revistazetta.com\/wp-content\/uploads\/2016\/07\/Balcones-1-183x146.jpg 183w, https:\/\/revistazetta.com\/wp-content\/uploads\/2016\/07\/Balcones-1-50x40.jpg 50w, https:\/\/revistazetta.com\/wp-content\/uploads\/2016\/07\/Balcones-1-94x75.jpg 94w, https:\/\/revistazetta.com\/wp-content\/uploads\/2016\/07\/Balcones-1.jpg 600w\" sizes=\"auto, (max-width: 300px) 100vw, 300px\" \/> <img loading=\"lazy\" decoding=\"async\" class=\"alignleft size-medium wp-image-14684\" src=\"https:\/\/www.revistazetta.com\/wp-content\/uploads\/2016\/07\/Balcones-2-300x240.jpg\" alt=\"Balcones 2\" width=\"300\" height=\"240\" srcset=\"https:\/\/revistazetta.com\/wp-content\/uploads\/2016\/07\/Balcones-2-300x240.jpg 300w, https:\/\/revistazetta.com\/wp-content\/uploads\/2016\/07\/Balcones-2-183x146.jpg 183w, https:\/\/revistazetta.com\/wp-content\/uploads\/2016\/07\/Balcones-2-50x40.jpg 50w, https:\/\/revistazetta.com\/wp-content\/uploads\/2016\/07\/Balcones-2-94x75.jpg 94w, https:\/\/revistazetta.com\/wp-content\/uploads\/2016\/07\/Balcones-2.jpg 600w\" sizes=\"auto, (max-width: 300px) 100vw, 300px\" \/> <img loading=\"lazy\" decoding=\"async\" class=\"alignleft size-medium wp-image-14685\" src=\"https:\/\/www.revistazetta.com\/wp-content\/uploads\/2016\/07\/Balcones-3-300x240.jpg\" alt=\"Balcones 3\" width=\"300\" height=\"240\" srcset=\"https:\/\/revistazetta.com\/wp-content\/uploads\/2016\/07\/Balcones-3-300x240.jpg 300w, https:\/\/revistazetta.com\/wp-content\/uploads\/2016\/07\/Balcones-3-183x146.jpg 183w, https:\/\/revistazetta.com\/wp-content\/uploads\/2016\/07\/Balcones-3-50x40.jpg 50w, https:\/\/revistazetta.com\/wp-content\/uploads\/2016\/07\/Balcones-3-94x75.jpg 94w, https:\/\/revistazetta.com\/wp-content\/uploads\/2016\/07\/Balcones-3.jpg 600w\" sizes=\"auto, (max-width: 300px) 100vw, 300px\" \/>El concejal del movimiento Cartagena Con firmas, Ronald Fortich, hizo un llamado\u00a0al Instituto de Patrimonio y Cultura de Cartagena IPCC para que intervenga en el menor tiempo posible, las casas ubicadas en el centro de Cartagena cuyos balcones se encuentran en grave estado de deterioro, convirtiendose en un inminente peligro para los transe\u00fantes propios y turistas que pasean por las hist\u00f3ricas calles.<\/p>\n<p>\u00abLlamamos la atenci\u00f3n a la Dra. Bertha Arnedo, Directora del IPCC, para que se apersone de la situaci\u00f3n y verifique la situaci\u00f3n de estos balcones deteriorados que son sumamente peligrosos y pueden poner en riesgo la vida de quienes caminan desprevenidamente por las calles y callejuelas del centro\u00bb, afirm\u00f3 Ronald Fortich.<\/p>\n<p>Fortich espera que se convoque pronto alos propietarios de estas casas para que se hagan los respectivos arreglos teniendo en cuenta las bases y las normas arquitect\u00f3nicas que tiene el IPCC<\/p>\n<p>&nbsp;<\/p>\n","protected":false},"excerpt":{"rendered":"<p>El concejal del movimiento Cartagena Con firmas, Ronald Fortich, hizo un llamado\u00a0al Instituto de Patrimonio y Cultura de Cartagena IPCC para que intervenga en el menor tiempo posible, las casas ubicadas en el centro de Cartagena cuyos balcones se encuentran en grave estado de deterioro, convirtiendose en un inminente peligro para los transe\u00fantes propios y turistas que pasean por las hist\u00f3ricas calles. \u00abLlamamos la atenci\u00f3n a la Dra. Bertha Arnedo, Directora del IPCC, para que se apersone de la situaci\u00f3n y verifique la situaci\u00f3n de estos balcones deteriorados que son&#8230; <\/p>\n","protected":false},"author":3,"featured_media":14682,"comment_status":"open","ping_status":"closed","sticky":false,"template":"","format":"standard","meta":{"footnotes":"","_links_to":"","_links_to_target":""},"categories":[27,75,4],"tags":[],"class_list":["post-14670","post","type-post","status-publish","format-standard","has-post-thumbnail","hentry","category-politicaconcejo","category-destacada","category-politica"],"_links":{"self":[{"href":"https:\/\/revistazetta.com\/index.php?rest_route=\/wp\/v2\/posts\/14670","targetHints":{"allow":["GET"]}}],"collection":[{"href":"https:\/\/revistazetta.com\/index.php?rest_route=\/wp\/v2\/posts"}],"about":[{"href":"https:\/\/revistazetta.com\/index.php?rest_route=\/wp\/v2\/types\/post"}],"author":[{"embeddable":true,"href":"https:\/\/revistazetta.com\/index.php?rest_route=\/wp\/v2\/users\/3"}],"replies":[{"embeddable":true,"href":"https:\/\/revistazetta.com\/index.php?rest_route=%2Fwp%2Fv2%2Fcomments&post=14670"}],"version-history":[{"count":0,"href":"https:\/\/revistazetta.com\/index.php?rest_route=\/wp\/v2\/posts\/14670\/revisions"}],"wp:featuredmedia":[{"embeddable":true,"href":"https:\/\/revistazetta.com\/index.php?rest_route=\/wp\/v2\/media\/14682"}],"wp:attachment":[{"href":"https:\/\/revistazetta.com\/index.php?rest_route=%2Fwp%2Fv2%2Fmedia&parent=14670"}],"wp:term":[{"taxonomy":"category","embeddable":true,"href":"https:\/\/revistazetta.com\/index.php?rest_route=%2Fwp%2Fv2%2Fcategories&post=14670"},{"taxonomy":"post_tag","embeddable":true,"href":"https:\/\/revistazetta.com\/index.php?rest_route=%2Fwp%2Fv2%2Ftags&post=14670"}],"curies":[{"name":"wp","href":"https:\/\/api.w.org\/{rel}","templated":true}]}}