{"id":14678,"date":"2016-07-25T07:01:50","date_gmt":"2016-07-25T12:01:50","guid":{"rendered":"http:\/\/www.revistazetta.com\/?p=14678"},"modified":"2016-07-25T07:09:16","modified_gmt":"2016-07-25T12:09:16","slug":"base-naval-marinas-vargas-lleras-hablar-claro","status":"publish","type":"post","link":"https:\/\/revistazetta.com\/?p=14678","title":{"rendered":"Base Naval y marinas: Vargas Lleras debe hablar claro"},"content":{"rendered":"<p><em>Por John Zamora ( Director Revista Zetta).- <\/em>La ciudad creci\u00f3 y la Base Naval estorba. Su traslado de Bocagrande a Tierrabomba est\u00e1 planteado hace much\u00edsimos a\u00f1os, es una soluci\u00f3n a la que le hemos encontrado muchos problemas pero que nunca ha contado con verdadera voluntad pol\u00edtica para concretarse.<\/p>\n<p>Por una parte tenemos la herencia acumulada de una clase dirigencial, pol\u00edtica y empresarial, miope y \u201ccuj\u00ed\u201d, a la que se le une la obsecuencia y el letargo t\u00edpico de la Armada Nacional, m\u00e1s atenta siempre al lavado de sus blancos uniformes, que a los intereses superiores de la ciudad.<\/p>\n<p>El espacio que ocupa es el que necesitamos para vivir mejor. Si en Crespo la vida urbana cambi\u00f3 con las 14 hect\u00e1reas del paseo lineal, imaginemos el astron\u00f3mico beneficio social para la ciudad con un gran pulm\u00f3n ambiental en Bocagrande.<\/p>\n<p>Lo malo es que siempre aparecen los mercaderes del porvenir, los mercenarios del supuesto progreso y los pescadores de r\u00edos revueltos, para prospectar centros comerciales, condominios y otras yerbas. No faltar\u00e1 el que proponga una\u2026 Si\u2026 \u00a1Una marina! \u00a1Eureka!<\/p>\n<p>Est\u00e1 claro que las marinas son bienvenidas en donde no jodan, pero en el borde urbano de nuestra bah\u00eda, apestan. Los cartageneros sensatos y de bien no las queremos ni en Manga, ni en Bocagrande, ni en Castillogrande ni en El Laguito.<\/p>\n<p>Pero aqu\u00ed somos expertos en buscarle la cuadratura al c\u00edrculo, en encontrarle la comba al palo.<\/p>\n<p>Por eso, al mencionar la ahora controvertida palabra \u201cmarina\u201d, no puedo olvidar lo que dijo William Murra en el Concejo de Cartagena, al se\u00f1alar como uno de los m\u00e1s conspicuos animadores de las marinas al mism\u00edsimo vicepresidente de la Rep\u00fablica, el \u201cniet\u00edsimo\u201d Germ\u00e1n Vargas Lleras.<\/p>\n<p>Es innegable que el tema es del conocimiento del Vice, pero al igual que sucedi\u00f3 durante todas las discusiones de La Habana, no ha dicho ni m\u00fa.<\/p>\n<p>Espero que en su pr\u00f3xima visita a Cartagena, y con el \u201cbuen genio\u201d que le distingue, el se\u00f1or vicepresidente se sirva aclarar el tema, pues los comentarios e imaginarios vuelan sin l\u00edmites.<\/p>\n<p>Ser\u00e1 una excelente oportunidad para que refrende lo que dijo en Barranquilla, la capital de Cambio Radical, en la cesi\u00f3n de 51 hect\u00e1reas del Cant\u00f3n Militar N\u00ba2 en Para\u00edso para desarrollo urban\u00edstico. Seg\u00fan El Heraldo, Vargas anunci\u00f3 que algo similar se debe hacer en Cartagena. <em>\u201c<\/em><em>Para esto, se reunir\u00e1 con el presidente Juan Manuel Santos y varios ministros para estudiar la posibilidad de que la Base Naval sea reubicada en otra zona. Algo similar proyectan hacer en Bogot\u00e1 y en Pereira. \u201cTodo esto tiene que ser el eje de la renovaci\u00f3n urban\u00edstica\u201d, puntualiz\u00f3 el Vicepresidente, quien no desaprovech\u00f3 la oportunidad para hacer un llamado al alcalde de Cartagena, Manuel Duque, para que siga el \u201cbuen ejemplo que da el alcalde Char, para que finalmente se abra paso una mejor utilizaci\u00f3n de la Base Naval de esa ciudad\u201d.<\/em> Seg\u00fan el alcalde Char, ese amplio espacio ser\u00e1 para resolver<em> \u201c<\/em><em>un tema ambiental, de m\u00e1s espacio p\u00fablico incluyente para todos los barranquilleros y un tema de movilidad que tanto est\u00e1bamos esperando\u201d.<\/em><\/p>\n<p>Pero resulta que estos temas tan importantes para Cartagena son como el cometa Halley, van y vienen, y nunca se concluyen. Por eso, Vargas Lleras tiene que hablarle claro a Cartagena: si tiene alg\u00fan inter\u00e9s marcado en el tema de las marinas, si tiene intereses en Tierrabomba, y si el traslado de la Base Naval se convertir\u00e1 en la excusa perfecta para impulsar otro proyecto de esta \u00edndole, como los que cursan en la Dimar, ese otro engendro que tambi\u00e9n tiene sitiada a Cartagena.<\/p>\n","protected":false},"excerpt":{"rendered":"<p>Por John Zamora ( Director Revista Zetta).- La ciudad creci\u00f3 y la Base Naval estorba. Su traslado de Bocagrande a Tierrabomba est\u00e1 planteado hace much\u00edsimos a\u00f1os, es una soluci\u00f3n a la que le hemos encontrado muchos problemas pero que nunca ha contado con verdadera voluntad pol\u00edtica para concretarse. Por una parte tenemos la herencia acumulada de una clase dirigencial, pol\u00edtica y empresarial, miope y \u201ccuj\u00ed\u201d, a la que se le une la obsecuencia y el letargo t\u00edpico de la Armada Nacional, m\u00e1s atenta siempre al lavado de sus blancos uniformes,&#8230; <\/p>\n","protected":false},"author":3,"featured_media":14676,"comment_status":"open","ping_status":"closed","sticky":false,"template":"","format":"standard","meta":{"footnotes":"","_links_to":"","_links_to_target":""},"categories":[44,65],"tags":[],"class_list":["post-14678","post","type-post","status-publish","format-standard","has-post-thumbnail","hentry","category-materiagris","category-opinion"],"_links":{"self":[{"href":"https:\/\/revistazetta.com\/index.php?rest_route=\/wp\/v2\/posts\/14678","targetHints":{"allow":["GET"]}}],"collection":[{"href":"https:\/\/revistazetta.com\/index.php?rest_route=\/wp\/v2\/posts"}],"about":[{"href":"https:\/\/revistazetta.com\/index.php?rest_route=\/wp\/v2\/types\/post"}],"author":[{"embeddable":true,"href":"https:\/\/revistazetta.com\/index.php?rest_route=\/wp\/v2\/users\/3"}],"replies":[{"embeddable":true,"href":"https:\/\/revistazetta.com\/index.php?rest_route=%2Fwp%2Fv2%2Fcomments&post=14678"}],"version-history":[{"count":0,"href":"https:\/\/revistazetta.com\/index.php?rest_route=\/wp\/v2\/posts\/14678\/revisions"}],"wp:featuredmedia":[{"embeddable":true,"href":"https:\/\/revistazetta.com\/index.php?rest_route=\/wp\/v2\/media\/14676"}],"wp:attachment":[{"href":"https:\/\/revistazetta.com\/index.php?rest_route=%2Fwp%2Fv2%2Fmedia&parent=14678"}],"wp:term":[{"taxonomy":"category","embeddable":true,"href":"https:\/\/revistazetta.com\/index.php?rest_route=%2Fwp%2Fv2%2Fcategories&post=14678"},{"taxonomy":"post_tag","embeddable":true,"href":"https:\/\/revistazetta.com\/index.php?rest_route=%2Fwp%2Fv2%2Ftags&post=14678"}],"curies":[{"name":"wp","href":"https:\/\/api.w.org\/{rel}","templated":true}]}}