{"id":14687,"date":"2016-07-25T13:44:14","date_gmt":"2016-07-25T18:44:14","guid":{"rendered":"http:\/\/www.revistazetta.com\/?p=14687"},"modified":"2016-07-26T06:46:39","modified_gmt":"2016-07-26T11:46:39","slug":"reajuste-gabinete-dumek","status":"publish","type":"post","link":"https:\/\/revistazetta.com\/?p=14687","title":{"rendered":"Siete meses y otro reajuste en el gabinete de Dumek"},"content":{"rendered":"<p>En apenas siete meses de mandato, un nuevo reajuste en su gabinete introdujo este lunes el gobernador de Bol\u00edvar, Dumek Turbay, al designar nuevos titulares en los despachos de Secretar\u00eda Privada,\u00a0Tr\u00e1nsito y Movilidad, Hacienda y Cr\u00e9dito P\u00fablico.<\/p>\n<p>Por razones familiares, en la Secretar\u00eda Privada se retir\u00f3 Laura D\u00e1ger (hija del concejal David D\u00e1ger) y en su reemplazo fue nombrado Fejed Al\u00ed Badr\u00e1n, quien se ven\u00eda desempe\u00f1ando como vocero del gobernador para los Juegos Deportivos Nacionales y hasta hace dos meses fue gerente de Aguas de Bol\u00edvar. En este cargo primero estuvo el\u00a0abogado Johan Toncel, quien despu\u00e9s pas\u00f3 a Secretar\u00eda General.<\/p>\n<p>En la Secretar\u00eda de Hacienda al principio de la Administraci\u00f3n estuvo Jos\u00e9 Villalba, y ahora ingresa\u00a0Rafael Morales, economista de la Universidad Sim\u00f3n Bol\u00edvar, quien es Mag\u00edster en Desarrollo Social de la Universidad del Norte y Mag\u00edster en Educaci\u00f3n de la Universidad de\u00a0Par\u00eds. Se desempe\u00f1\u00f3 como gerente de la Contralor\u00eda del Departamento del\u00a0Magdalena, contralor Provincial, de la Contralor\u00eda General de la Naci\u00f3n en el Atl\u00e1ntico y Director Financiero Y administrativo de la Personer\u00eda Distrital de Barranquilla.<\/p>\n<div>Hugo Ben\u00edtez deja la cuasi an\u00f3nima Secretar\u00eda de Tr\u00e1nsito, aunque seguir\u00e1 vinculado con el gobierno. En su lugar ingresa Dairo Kuhlmann, abogado especialista en Derecho Administrativo y Constitucional quien actualmente cursa un Doctorado en Ciencias Pol\u00edticas de la Universidad URBE en Maracaibo. Se desempe\u00f1\u00f3 como secretario General y del Interior en El Carmen de Bol\u00edvar, durante tres periodos, asesor externo de la Gobernaci\u00f3n de Bol\u00edvar en a\u00f1os anteriores y asesor de la Superintendencia \u00a0de Puertos y Transporte.<\/div>\n<div><\/div>\n<div>Como asesor de emprendimiento y marketing y evaluaci\u00f3n y desarrollo de proyectos de Despacho, entra a formar parte Gabriel Alberto Medrano Romero, economista, especialista en Gerencia de Mercadeo y ex edil por 8 a\u00f1os en la \u00a0Cartagena.<\/div>\n<div><\/div>\n<div>Los cambios fueron anunciados este lunes en el habitual Consejo de Gobierno de cada lunes.<\/div>\n<div><\/div>\n","protected":false},"excerpt":{"rendered":"<p>En apenas siete meses de mandato, un nuevo reajuste en su gabinete introdujo este lunes el gobernador de Bol\u00edvar, Dumek Turbay, al designar nuevos titulares en los despachos de Secretar\u00eda Privada,\u00a0Tr\u00e1nsito y Movilidad, Hacienda y Cr\u00e9dito P\u00fablico. Por razones familiares, en la Secretar\u00eda Privada se retir\u00f3 Laura D\u00e1ger (hija del concejal David D\u00e1ger) y en su reemplazo fue nombrado Fejed Al\u00ed Badr\u00e1n, quien se ven\u00eda desempe\u00f1ando como vocero del gobernador para los Juegos Deportivos Nacionales y hasta hace dos meses fue gerente de Aguas de Bol\u00edvar. En este cargo primero&#8230; <\/p>\n","protected":false},"author":3,"featured_media":14688,"comment_status":"open","ping_status":"closed","sticky":false,"template":"","format":"standard","meta":{"footnotes":"","_links_to":"","_links_to_target":""},"categories":[4,75],"tags":[],"class_list":["post-14687","post","type-post","status-publish","format-standard","has-post-thumbnail","hentry","category-politica","category-destacada"],"_links":{"self":[{"href":"https:\/\/revistazetta.com\/index.php?rest_route=\/wp\/v2\/posts\/14687","targetHints":{"allow":["GET"]}}],"collection":[{"href":"https:\/\/revistazetta.com\/index.php?rest_route=\/wp\/v2\/posts"}],"about":[{"href":"https:\/\/revistazetta.com\/index.php?rest_route=\/wp\/v2\/types\/post"}],"author":[{"embeddable":true,"href":"https:\/\/revistazetta.com\/index.php?rest_route=\/wp\/v2\/users\/3"}],"replies":[{"embeddable":true,"href":"https:\/\/revistazetta.com\/index.php?rest_route=%2Fwp%2Fv2%2Fcomments&post=14687"}],"version-history":[{"count":0,"href":"https:\/\/revistazetta.com\/index.php?rest_route=\/wp\/v2\/posts\/14687\/revisions"}],"wp:featuredmedia":[{"embeddable":true,"href":"https:\/\/revistazetta.com\/index.php?rest_route=\/wp\/v2\/media\/14688"}],"wp:attachment":[{"href":"https:\/\/revistazetta.com\/index.php?rest_route=%2Fwp%2Fv2%2Fmedia&parent=14687"}],"wp:term":[{"taxonomy":"category","embeddable":true,"href":"https:\/\/revistazetta.com\/index.php?rest_route=%2Fwp%2Fv2%2Fcategories&post=14687"},{"taxonomy":"post_tag","embeddable":true,"href":"https:\/\/revistazetta.com\/index.php?rest_route=%2Fwp%2Fv2%2Ftags&post=14687"}],"curies":[{"name":"wp","href":"https:\/\/api.w.org\/{rel}","templated":true}]}}