{"id":1479,"date":"2014-06-10T14:51:39","date_gmt":"2014-06-10T19:51:39","guid":{"rendered":"http:\/\/www.revistazetta.com\/?p=1479"},"modified":"2014-06-10T14:51:39","modified_gmt":"2014-06-10T19:51:39","slug":"gobernador-reitera-grave-acusacion-a-constructor-de-hotel","status":"publish","type":"post","link":"https:\/\/revistazetta.com\/?p=1479","title":{"rendered":"Gobernador reitera grave acusaci\u00f3n a constructor de hotel"},"content":{"rendered":"<p>El Gobernador de Bol\u00edvar, Juan Carlos Gossa\u00edn, arreci\u00f3 sus cr\u00edticas contra los constructores del hotel Basti\u00f3n, se\u00f1alando a su cabeza visible como \u201champ\u00f3n\u201d, por haber causado da\u00f1os estructurales en la sede de la Secretar\u00eda de Educaci\u00f3n e iglesia de Santo Domingo.<\/p>\n<p>Su secretaria jur\u00eddica, Yolanda Vega, puso de presente el letargo en que se han sumido las denuncias, tanto penales como administrativas y disciplinarias, por los da\u00f1os ocasionados por dicha construcci\u00f3n, localizada en la calle del Sargento Mayor.<\/p>\n<p>Como si fuera poco, para acrecentar el malestar del mandatario seccional, decidieron llamar al restaurante de dicho hotel como \u201cEl Gobernador\u201d.<\/p>\n<p>En declaraciones a la prensa, Gossa\u00edn dijo lo siguiente:<\/p>\n<p>\u201cLo dije desde hace un a\u00f1o y medio atr\u00e1s, que lo que iba a hacer era justamente lo que han hecho: dilatar y dilatar, comprar funcionarios judiciales, terminar la obra. Como son un cuerpo consorciado, ellos van a terminar y, como decimos aqu\u00ed coloquialmente, van a dejar las plumas, para que la administraci\u00f3n departamental inicie un proceso largo en el cual ellos van a desaparecer, un proceso que ya hemos iniciado.<\/p>\n<p>Estos bandidos, bandidos, afectaron a la Secretar\u00eda de Educaci\u00f3n y a la iglesia de Santo Toribio, porque ellos est\u00e1n en la mitad entre las dos obras.<\/p>\n<p>Solamente ustedes los medios de comunicaci\u00f3n y nosotros en la administraci\u00f3n departamental, somos los \u00fanicos dolientes, al resto de la ciudad le ha importado cinco. Aqu\u00ed no ha habido autoridad para poner esto en cintura. Y son tan bandidos, y son tan atrevidos, que \u00bfadivinen cu\u00e1l fue el nombre que le pusieron al restaurante del hotel?: \u201cEl Gobernador\u201d.<\/p>\n<p>A mi tambi\u00e9n me da risa, pero es una forma vulgar de burlarse de lo que hemos venido haciendo. As\u00ed de delincuentes son. Ojal\u00e1 y ustedes que son parte del gremio de la construcci\u00f3n, los identifiquen, especialmente al delincuente mayor, un se\u00f1or que se llama Aar\u00f3n Coh\u00e9n. Para que lo tengan clarifico y lo conozcan. De este sal\u00f3n lo bot\u00e9, lo bot\u00e9. Le dije: usted es un vulgar delincuente de cuello blanco.<\/p>\n<p>No me da pena decirlo. Me dijo que me iba a denunciar por injuria y calumnia, y hoy tengo la forma de probar que lo que dec\u00eda en ese entonces es cierto: es un vulgar delincuente, es un hamp\u00f3n con t\u00edtulo de constructor\u201d.<\/p>\n","protected":false},"excerpt":{"rendered":"<p>El Gobernador de Bol\u00edvar, Juan Carlos Gossa\u00edn, arreci\u00f3 sus cr\u00edticas contra los constructores del hotel Basti\u00f3n, se\u00f1alando a su cabeza visible como \u201champ\u00f3n\u201d, por haber causado da\u00f1os estructurales en la sede de la Secretar\u00eda de Educaci\u00f3n e iglesia de Santo Domingo. Su secretaria jur\u00eddica, Yolanda Vega, puso de presente el letargo en que se han sumido las denuncias, tanto penales como administrativas y disciplinarias, por los da\u00f1os ocasionados por dicha construcci\u00f3n, localizada en la calle del Sargento Mayor. Como si fuera poco, para acrecentar el malestar del mandatario seccional, decidieron&#8230; <\/p>\n","protected":false},"author":3,"featured_media":1480,"comment_status":"closed","ping_status":"closed","sticky":false,"template":"","format":"standard","meta":{"footnotes":"","_links_to":"","_links_to_target":""},"categories":[2,33],"tags":[],"class_list":["post-1479","post","type-post","status-publish","format-standard","has-post-thumbnail","hentry","category-actualidad","category-actualidad-bolivar"],"_links":{"self":[{"href":"https:\/\/revistazetta.com\/index.php?rest_route=\/wp\/v2\/posts\/1479","targetHints":{"allow":["GET"]}}],"collection":[{"href":"https:\/\/revistazetta.com\/index.php?rest_route=\/wp\/v2\/posts"}],"about":[{"href":"https:\/\/revistazetta.com\/index.php?rest_route=\/wp\/v2\/types\/post"}],"author":[{"embeddable":true,"href":"https:\/\/revistazetta.com\/index.php?rest_route=\/wp\/v2\/users\/3"}],"replies":[{"embeddable":true,"href":"https:\/\/revistazetta.com\/index.php?rest_route=%2Fwp%2Fv2%2Fcomments&post=1479"}],"version-history":[{"count":0,"href":"https:\/\/revistazetta.com\/index.php?rest_route=\/wp\/v2\/posts\/1479\/revisions"}],"wp:featuredmedia":[{"embeddable":true,"href":"https:\/\/revistazetta.com\/index.php?rest_route=\/wp\/v2\/media\/1480"}],"wp:attachment":[{"href":"https:\/\/revistazetta.com\/index.php?rest_route=%2Fwp%2Fv2%2Fmedia&parent=1479"}],"wp:term":[{"taxonomy":"category","embeddable":true,"href":"https:\/\/revistazetta.com\/index.php?rest_route=%2Fwp%2Fv2%2Fcategories&post=1479"},{"taxonomy":"post_tag","embeddable":true,"href":"https:\/\/revistazetta.com\/index.php?rest_route=%2Fwp%2Fv2%2Ftags&post=1479"}],"curies":[{"name":"wp","href":"https:\/\/api.w.org\/{rel}","templated":true}]}}