{"id":14852,"date":"2016-07-30T08:33:39","date_gmt":"2016-07-30T13:33:39","guid":{"rendered":"http:\/\/www.revistazetta.com\/?p=14852"},"modified":"2016-08-01T10:00:26","modified_gmt":"2016-08-01T15:00:26","slug":"concejales-piden-se-adopte-al-fin-politica-publica-juventud","status":"publish","type":"post","link":"https:\/\/revistazetta.com\/?p=14852","title":{"rendered":"Concejales piden que se adopte al fin Pol\u00edtica P\u00fablica de Juventud"},"content":{"rendered":"<p>La creaci\u00f3n del Sistema Distrital de la Juventud y la adopci\u00f3n de la Pol\u00edtica P\u00fablica de Juventud es la propuesta que hacen los concejales Ang\u00e9lica Hodeg, del Partido Verde, y los concejales Jorge Useche y Zaith Adechine de la bancada conservadora, los cabildantes m\u00e1s j\u00f3venes de la corporaci\u00f3n.<\/p>\n<p>Jorge Useche abri\u00f3 el debate exponiendo\u00a0la importancia que tiene la juventud teniendo en cuenta el gran n\u00famero de esta colectividad que participa en distintos sectores, grupos, y problem\u00e1ticas de la ciudad y que inciden desde sus l\u00f3gicas y perspectivas en estos \u00e1mbitos.\u00a0De acuerdo a las proyecciones del DANE en el a\u00f1o 2015 la poblaci\u00f3n cartagenera ascendi\u00f3 a 1.001.755 habitantes, de los cuales 265.871 son j\u00f3venes entre 14 y 28 a\u00f1os, lo que igual al 26.54% de la poblaci\u00f3n Distrital.<br \/>\nEl concejal Zaith Adechine hizo un llamado para que los procesos que se adelanten en favor de esta iniciativa, se trabajen conjuntamente entre todas las secretar\u00edas y no en procesos aislados que impedir\u00edan un verdadero avance.<\/p>\n<p><img loading=\"lazy\" decoding=\"async\" class=\"alignright size-medium wp-image-14854\" src=\"https:\/\/www.revistazetta.com\/wp-content\/uploads\/2016\/07\/PPJ1-300x187.jpg\" alt=\"PPJ1\" width=\"300\" height=\"187\" srcset=\"https:\/\/revistazetta.com\/wp-content\/uploads\/2016\/07\/PPJ1-300x187.jpg 300w, https:\/\/revistazetta.com\/wp-content\/uploads\/2016\/07\/PPJ1-234x146.jpg 234w, https:\/\/revistazetta.com\/wp-content\/uploads\/2016\/07\/PPJ1-50x31.jpg 50w, https:\/\/revistazetta.com\/wp-content\/uploads\/2016\/07\/PPJ1-120x75.jpg 120w, https:\/\/revistazetta.com\/wp-content\/uploads\/2016\/07\/PPJ1.jpg 570w\" sizes=\"auto, (max-width: 300px) 100vw, 300px\" \/> <img loading=\"lazy\" decoding=\"async\" class=\"alignright size-medium wp-image-14853\" src=\"https:\/\/www.revistazetta.com\/wp-content\/uploads\/2016\/07\/PPJ-300x187.jpg\" alt=\"PPJ\" width=\"300\" height=\"187\" srcset=\"https:\/\/revistazetta.com\/wp-content\/uploads\/2016\/07\/PPJ-300x187.jpg 300w, https:\/\/revistazetta.com\/wp-content\/uploads\/2016\/07\/PPJ-234x146.jpg 234w, https:\/\/revistazetta.com\/wp-content\/uploads\/2016\/07\/PPJ-50x31.jpg 50w, https:\/\/revistazetta.com\/wp-content\/uploads\/2016\/07\/PPJ-120x75.jpg 120w, https:\/\/revistazetta.com\/wp-content\/uploads\/2016\/07\/PPJ.jpg 570w\" sizes=\"auto, (max-width: 300px) 100vw, 300px\" \/><\/p>\n<p>Por su parte Hodeg pidi\u00f3 inclusi\u00f3n y participaci\u00f3n de la juventud cartagenera. \u201cActualmente no existe pol\u00edtica p\u00fablica distrital de juventud pese a que en a\u00f1os anteriores se han contratado a varias organizaciones para la elaboraci\u00f3n del documento de esta pol\u00edtica p\u00fablica\u201d.<\/p>\n<p>Asegura que los ejercicios que se han realizado con respecto al tema han contado con poca participaci\u00f3n de los j\u00f3venes debido a la falta una socializaci\u00f3n amplia y masiva.<\/p>\n<p>La vocera de la bancada del partido Alianza Verde impuls\u00f3 la propuesta\u00a0 de crear\u00a0 una Comisi\u00f3n Accidental para realizar continuos monitoreos de las acciones que den cumplimiento a la Ley 1622 de 2013. La referida comisi\u00f3n qued\u00f3 conformada por los concejales Ang\u00e9lica Hodeg, Cesar Pi\u00f3n, Duvinia Torres, Jorge Useche, Zaith Adechine, Luis Cassiani, Erick Pi\u00f1a y Am\u00e9rico Mendoza.<\/p>\n<p>Julio Chiquillo, en calidad de invitado y representante de una colectividad juvenil, present\u00f3 las siguientes propuestas como aporte a la construcci\u00f3n de esta pol\u00edtica p\u00fablica:<\/p>\n<p>-Las peque\u00f1as empresas j\u00f3venes que inicien actividades a partir de la promulgaci\u00f3n de la ley queden exentas del pago de la matricula mercantil y de la renovaci\u00f3n del primer a\u00f1o.<\/p>\n<p>&#8211; Las empresas que vinculen personas entre los 18 y los 28 a\u00f1os de edad no tengan que realizar aportes a cajas de compensaci\u00f3n familiar por tales trabajadores durante el primer a\u00f1o de vinculaci\u00f3n.<\/p>\n","protected":false},"excerpt":{"rendered":"<p>La creaci\u00f3n del Sistema Distrital de la Juventud y la adopci\u00f3n de la Pol\u00edtica P\u00fablica de Juventud es la propuesta que hacen los concejales Ang\u00e9lica Hodeg, del Partido Verde, y los concejales Jorge Useche y Zaith Adechine de la bancada conservadora, los cabildantes m\u00e1s j\u00f3venes de la corporaci\u00f3n. Jorge Useche abri\u00f3 el debate exponiendo\u00a0la importancia que tiene la juventud teniendo en cuenta el gran n\u00famero de esta colectividad que participa en distintos sectores, grupos, y problem\u00e1ticas de la ciudad y que inciden desde sus l\u00f3gicas y perspectivas en estos \u00e1mbitos.\u00a0De&#8230; <\/p>\n","protected":false},"author":3,"featured_media":14855,"comment_status":"open","ping_status":"closed","sticky":false,"template":"","format":"standard","meta":{"footnotes":"","_links_to":"","_links_to_target":""},"categories":[27,75,4],"tags":[],"class_list":["post-14852","post","type-post","status-publish","format-standard","has-post-thumbnail","hentry","category-politicaconcejo","category-destacada","category-politica"],"_links":{"self":[{"href":"https:\/\/revistazetta.com\/index.php?rest_route=\/wp\/v2\/posts\/14852","targetHints":{"allow":["GET"]}}],"collection":[{"href":"https:\/\/revistazetta.com\/index.php?rest_route=\/wp\/v2\/posts"}],"about":[{"href":"https:\/\/revistazetta.com\/index.php?rest_route=\/wp\/v2\/types\/post"}],"author":[{"embeddable":true,"href":"https:\/\/revistazetta.com\/index.php?rest_route=\/wp\/v2\/users\/3"}],"replies":[{"embeddable":true,"href":"https:\/\/revistazetta.com\/index.php?rest_route=%2Fwp%2Fv2%2Fcomments&post=14852"}],"version-history":[{"count":0,"href":"https:\/\/revistazetta.com\/index.php?rest_route=\/wp\/v2\/posts\/14852\/revisions"}],"wp:featuredmedia":[{"embeddable":true,"href":"https:\/\/revistazetta.com\/index.php?rest_route=\/wp\/v2\/media\/14855"}],"wp:attachment":[{"href":"https:\/\/revistazetta.com\/index.php?rest_route=%2Fwp%2Fv2%2Fmedia&parent=14852"}],"wp:term":[{"taxonomy":"category","embeddable":true,"href":"https:\/\/revistazetta.com\/index.php?rest_route=%2Fwp%2Fv2%2Fcategories&post=14852"},{"taxonomy":"post_tag","embeddable":true,"href":"https:\/\/revistazetta.com\/index.php?rest_route=%2Fwp%2Fv2%2Ftags&post=14852"}],"curies":[{"name":"wp","href":"https:\/\/api.w.org\/{rel}","templated":true}]}}