{"id":14860,"date":"2016-07-31T08:43:41","date_gmt":"2016-07-31T13:43:41","guid":{"rendered":"http:\/\/www.revistazetta.com\/?p=14860"},"modified":"2016-07-31T08:43:41","modified_gmt":"2016-07-31T13:43:41","slug":"jovenes-pactaron-paz-san-francisco-reciben-2-unidades-trabajo-ingresos","status":"publish","type":"post","link":"https:\/\/revistazetta.com\/?p=14860","title":{"rendered":"J\u00f3venes que pactaron paz en San Francisco reciben 2 unidades de trabajo para sus ingresos"},"content":{"rendered":"<p>El alcalde Manolo Duque regres\u00f3 al barrio San Francisco para hacer entrega de dos unidades de trabajo y una silla de ruedas a los integrantes de la familia Wanceslaos, \u2018Los Pensionados\u2019 y los \u2018Trikis Nike\u2019.<\/p>\n<p>Estos grupos de j\u00f3venes recibieron sillas, m\u00e1quinas para cortar el cabello, accesorios de peluquer\u00eda y dem\u00e1s productos para el desarrollo de la actividad con la que podr\u00e1n tener ingresos econ\u00f3micos. Tambi\u00e9n fue entregada una silla de ruedas a \u2018El Mono\u2019 integrante de los Wanceslaos, quien est\u00e1 en situaci\u00f3n de discapacidad.<\/p>\n<p><img loading=\"lazy\" decoding=\"async\" class=\"alignleft size-medium wp-image-14864\" src=\"https:\/\/www.revistazetta.com\/wp-content\/uploads\/2016\/07\/UT5-300x187.jpg\" alt=\"UT5\" width=\"300\" height=\"187\" srcset=\"https:\/\/revistazetta.com\/wp-content\/uploads\/2016\/07\/UT5-300x187.jpg 300w, https:\/\/revistazetta.com\/wp-content\/uploads\/2016\/07\/UT5-234x146.jpg 234w, https:\/\/revistazetta.com\/wp-content\/uploads\/2016\/07\/UT5-50x31.jpg 50w, https:\/\/revistazetta.com\/wp-content\/uploads\/2016\/07\/UT5-120x75.jpg 120w, https:\/\/revistazetta.com\/wp-content\/uploads\/2016\/07\/UT5.jpg 570w\" sizes=\"auto, (max-width: 300px) 100vw, 300px\" \/> <img loading=\"lazy\" decoding=\"async\" class=\"alignnone size-medium wp-image-14863\" src=\"https:\/\/www.revistazetta.com\/wp-content\/uploads\/2016\/07\/UT4-300x187.jpg\" alt=\"UT4\" width=\"300\" height=\"187\" srcset=\"https:\/\/revistazetta.com\/wp-content\/uploads\/2016\/07\/UT4-300x187.jpg 300w, https:\/\/revistazetta.com\/wp-content\/uploads\/2016\/07\/UT4-234x146.jpg 234w, https:\/\/revistazetta.com\/wp-content\/uploads\/2016\/07\/UT4-50x31.jpg 50w, https:\/\/revistazetta.com\/wp-content\/uploads\/2016\/07\/UT4-120x75.jpg 120w, https:\/\/revistazetta.com\/wp-content\/uploads\/2016\/07\/UT4.jpg 570w\" sizes=\"auto, (max-width: 300px) 100vw, 300px\" \/><\/p>\n<p>Esta primera entrega de unidades se realiz\u00f3 en el establecimiento \u2018Donde Ma\u00f1e\u2019, sector \u2018El Wio\u2019 y participaron\u00a0 la Secretar\u00eda del Interior y Convivencia Ciudadana, Alcald\u00eda Local 2 y Plan de Emergencia Social Pedro Romero\u00a0 (PES).<\/p>\n<p>\u201cBuscamos con esta entrega demostrarles que la productividad s\u00ed se puede dar. Es arreglar el entorno, es arreglar la familia. Verlos reunidos es saber que se est\u00e1 respirando paz\u201d, asegur\u00f3 el alcalde Duque. Anot\u00f3 que si las cosas salen bien con los j\u00f3venes de barrio San Francisco, \u00a0la estrategia se seguir\u00e1 replicando en otros barrios.<\/p>\n<p>Durante el evento, la l\u00edder comunal Lina Coneo, quien ha sido una de las gestoras del proyecto junto con la administraci\u00f3n de Primero La Gente, agradeci\u00f3 la iniciativa y afirm\u00f3 que desde hace un mes cuando fue firmado el pacto de paz en el Palacio de la Aduana, en San Francisco se han visto los cambios.<\/p>\n<p><img loading=\"lazy\" decoding=\"async\" class=\"alignnone size-medium wp-image-14862\" src=\"https:\/\/www.revistazetta.com\/wp-content\/uploads\/2016\/07\/UT2-300x187.jpg\" alt=\"UT2\" width=\"300\" height=\"187\" srcset=\"https:\/\/revistazetta.com\/wp-content\/uploads\/2016\/07\/UT2-300x187.jpg 300w, https:\/\/revistazetta.com\/wp-content\/uploads\/2016\/07\/UT2-234x146.jpg 234w, https:\/\/revistazetta.com\/wp-content\/uploads\/2016\/07\/UT2-50x31.jpg 50w, https:\/\/revistazetta.com\/wp-content\/uploads\/2016\/07\/UT2-120x75.jpg 120w, https:\/\/revistazetta.com\/wp-content\/uploads\/2016\/07\/UT2.jpg 570w\" sizes=\"auto, (max-width: 300px) 100vw, 300px\" \/> <img loading=\"lazy\" decoding=\"async\" class=\"alignnone size-medium wp-image-14861\" src=\"https:\/\/www.revistazetta.com\/wp-content\/uploads\/2016\/07\/UT1-300x187.jpg\" alt=\"UT1\" width=\"300\" height=\"187\" srcset=\"https:\/\/revistazetta.com\/wp-content\/uploads\/2016\/07\/UT1-300x187.jpg 300w, https:\/\/revistazetta.com\/wp-content\/uploads\/2016\/07\/UT1-234x146.jpg 234w, https:\/\/revistazetta.com\/wp-content\/uploads\/2016\/07\/UT1-50x31.jpg 50w, https:\/\/revistazetta.com\/wp-content\/uploads\/2016\/07\/UT1-120x75.jpg 120w, https:\/\/revistazetta.com\/wp-content\/uploads\/2016\/07\/UT1.jpg 570w\" sizes=\"auto, (max-width: 300px) 100vw, 300px\" \/><\/p>\n<p>\u201cSan francisco respira vientos de paz. Semanas atr\u00e1s no pod\u00edamos cruzar l\u00edneas imaginarias entre sectores peque\u00f1os. Hoy s\u00ed podemos hacerlo y es gracias a este programa piloto de la Alcald\u00eda\u201d, expres\u00f3 Coneo.<\/p>\n<p>As\u00ed mismo la l\u00edder y docentes de escuelas p\u00fablicas del barrio aseguraron que debido al cese de las disputas, cientos de ni\u00f1os han podido retomar sus estudios en las escuelas del sector.<\/p>\n","protected":false},"excerpt":{"rendered":"<p>El alcalde Manolo Duque regres\u00f3 al barrio San Francisco para hacer entrega de dos unidades de trabajo y una silla de ruedas a los integrantes de la familia Wanceslaos, \u2018Los Pensionados\u2019 y los \u2018Trikis Nike\u2019. Estos grupos de j\u00f3venes recibieron sillas, m\u00e1quinas para cortar el cabello, accesorios de peluquer\u00eda y dem\u00e1s productos para el desarrollo de la actividad con la que podr\u00e1n tener ingresos econ\u00f3micos. Tambi\u00e9n fue entregada una silla de ruedas a \u2018El Mono\u2019 integrante de los Wanceslaos, quien est\u00e1 en situaci\u00f3n de discapacidad. Esta primera entrega de unidades&#8230; <\/p>\n","protected":false},"author":3,"featured_media":14865,"comment_status":"open","ping_status":"closed","sticky":false,"template":"","format":"standard","meta":{"footnotes":"","_links_to":"","_links_to_target":""},"categories":[32,85,75],"tags":[],"class_list":["post-14860","post","type-post","status-publish","format-standard","has-post-thumbnail","hentry","category-actualidad-distrito","category-cartagena","category-destacada"],"_links":{"self":[{"href":"https:\/\/revistazetta.com\/index.php?rest_route=\/wp\/v2\/posts\/14860","targetHints":{"allow":["GET"]}}],"collection":[{"href":"https:\/\/revistazetta.com\/index.php?rest_route=\/wp\/v2\/posts"}],"about":[{"href":"https:\/\/revistazetta.com\/index.php?rest_route=\/wp\/v2\/types\/post"}],"author":[{"embeddable":true,"href":"https:\/\/revistazetta.com\/index.php?rest_route=\/wp\/v2\/users\/3"}],"replies":[{"embeddable":true,"href":"https:\/\/revistazetta.com\/index.php?rest_route=%2Fwp%2Fv2%2Fcomments&post=14860"}],"version-history":[{"count":0,"href":"https:\/\/revistazetta.com\/index.php?rest_route=\/wp\/v2\/posts\/14860\/revisions"}],"wp:featuredmedia":[{"embeddable":true,"href":"https:\/\/revistazetta.com\/index.php?rest_route=\/wp\/v2\/media\/14865"}],"wp:attachment":[{"href":"https:\/\/revistazetta.com\/index.php?rest_route=%2Fwp%2Fv2%2Fmedia&parent=14860"}],"wp:term":[{"taxonomy":"category","embeddable":true,"href":"https:\/\/revistazetta.com\/index.php?rest_route=%2Fwp%2Fv2%2Fcategories&post=14860"},{"taxonomy":"post_tag","embeddable":true,"href":"https:\/\/revistazetta.com\/index.php?rest_route=%2Fwp%2Fv2%2Ftags&post=14860"}],"curies":[{"name":"wp","href":"https:\/\/api.w.org\/{rel}","templated":true}]}}