{"id":14868,"date":"2016-08-01T04:20:58","date_gmt":"2016-08-01T09:20:58","guid":{"rendered":"http:\/\/www.revistazetta.com\/?p=14868"},"modified":"2016-08-01T05:00:43","modified_gmt":"2016-08-01T10:00:43","slug":"transcaribe-habilito-la-estacion-delicias","status":"publish","type":"post","link":"https:\/\/revistazetta.com\/?p=14868","title":{"rendered":"Transcaribe habilit\u00f3 la estaci\u00f3n Delicias"},"content":{"rendered":"<p>Transcaribe dio al servicio la nueva estaci\u00f3n Delicias, con lo cual se eleva a 11 el n\u00famero de esas instalaciones, que hoy est\u00e1n habilitadas. La estaci\u00f3n Delicias, est\u00e1 ubicada sobre la avenida Pedro de Heredia, en el sector el Toril y tendr\u00e1 influencia sobre colegios, universidades, el Centro Comercial Caribe Plaza, y un sinn\u00famero de viviendas, conjuntos residenciales y locales comerciales, que est\u00e1n cerca a \u00a0este punto de la ciudad.<\/p>\n<p>El gerente de Transcaribe Humberto Ripoll Durango, dijo que en estas instalaciones parar\u00e1n los buses que circulan por toda la troncal Pedro de Heredia y que cumplen el recorrido Madre Bernarda \u2013 Centro.<\/p>\n<p>Calcula que cerca de 6.000 usuarios en promedio diario, se movilizar\u00e1n en estas nuevas instalaciones, que fueron acondicionadas con los respectivos equipos por parte del concesionario Colcard.<\/p>\n<p>Ripoll Durango, se declar\u00f3 satisfecho con el aumento del promedio diario de pasajeros que se movilizan en el sistema, el cual oscila entre 65.000 y 70.000 usuarios y muestra el aumento permanente del nivel de aceptaci\u00f3n que tiene Transcaribe. \u00a0A\u00f1adi\u00f3 que el d\u00eda que no circulan motos en la ciudad, aumenta un 20% la movilizaci\u00f3n de pasajeros a trav\u00e9s del sistema.<\/p>\n<p>La pr\u00f3xima estaci\u00f3n a habilitar ser\u00e1 la de la Villa Ol\u00edmpica, a la cual se le est\u00e1n realizando los ajustes necesarios y se somete a pruebas, para activarla en la segunda quincena del mes de agosto.<\/p>\n<p>Ripoll destac\u00f3 los avances del 90% que hoy tienen las obras del Portal Patio Taller de Transcaribe, lo cual permite fijar como fecha l\u00edmite para ser recibido en octubre pr\u00f3ximo.<\/p>\n","protected":false},"excerpt":{"rendered":"<p>Transcaribe dio al servicio la nueva estaci\u00f3n Delicias, con lo cual se eleva a 11 el n\u00famero de esas instalaciones, que hoy est\u00e1n habilitadas. La estaci\u00f3n Delicias, est\u00e1 ubicada sobre la avenida Pedro de Heredia, en el sector el Toril y tendr\u00e1 influencia sobre colegios, universidades, el Centro Comercial Caribe Plaza, y un sinn\u00famero de viviendas, conjuntos residenciales y locales comerciales, que est\u00e1n cerca a \u00a0este punto de la ciudad. El gerente de Transcaribe Humberto Ripoll Durango, dijo que en estas instalaciones parar\u00e1n los buses que circulan por toda la&#8230; <\/p>\n","protected":false},"author":3,"featured_media":14869,"comment_status":"open","ping_status":"closed","sticky":false,"template":"","format":"standard","meta":{"footnotes":"","_links_to":"","_links_to_target":""},"categories":[32,2,87],"tags":[],"class_list":["post-14868","post","type-post","status-publish","format-standard","has-post-thumbnail","hentry","category-actualidad-distrito","category-actualidad","category-movilidad"],"_links":{"self":[{"href":"https:\/\/revistazetta.com\/index.php?rest_route=\/wp\/v2\/posts\/14868","targetHints":{"allow":["GET"]}}],"collection":[{"href":"https:\/\/revistazetta.com\/index.php?rest_route=\/wp\/v2\/posts"}],"about":[{"href":"https:\/\/revistazetta.com\/index.php?rest_route=\/wp\/v2\/types\/post"}],"author":[{"embeddable":true,"href":"https:\/\/revistazetta.com\/index.php?rest_route=\/wp\/v2\/users\/3"}],"replies":[{"embeddable":true,"href":"https:\/\/revistazetta.com\/index.php?rest_route=%2Fwp%2Fv2%2Fcomments&post=14868"}],"version-history":[{"count":0,"href":"https:\/\/revistazetta.com\/index.php?rest_route=\/wp\/v2\/posts\/14868\/revisions"}],"wp:featuredmedia":[{"embeddable":true,"href":"https:\/\/revistazetta.com\/index.php?rest_route=\/wp\/v2\/media\/14869"}],"wp:attachment":[{"href":"https:\/\/revistazetta.com\/index.php?rest_route=%2Fwp%2Fv2%2Fmedia&parent=14868"}],"wp:term":[{"taxonomy":"category","embeddable":true,"href":"https:\/\/revistazetta.com\/index.php?rest_route=%2Fwp%2Fv2%2Fcategories&post=14868"},{"taxonomy":"post_tag","embeddable":true,"href":"https:\/\/revistazetta.com\/index.php?rest_route=%2Fwp%2Fv2%2Ftags&post=14868"}],"curies":[{"name":"wp","href":"https:\/\/api.w.org\/{rel}","templated":true}]}}