{"id":14870,"date":"2016-08-01T05:00:15","date_gmt":"2016-08-01T10:00:15","guid":{"rendered":"http:\/\/www.revistazetta.com\/?p=14870"},"modified":"2016-08-01T07:57:48","modified_gmt":"2016-08-01T12:57:48","slug":"futbolnet-la-transformacion-social-benefico-los-ninos-cartgaena","status":"publish","type":"post","link":"https:\/\/revistazetta.com\/?p=14870","title":{"rendered":"&#8216;FutbolNet&#8217; para la transformaci\u00f3n social de los ni\u00f1os de Cartagena"},"content":{"rendered":"<p>El Banco Interamericano de Desarrollo (BID) en conjunto con la Alcald\u00eda de Cartagena, el Instituto de Deportes y Recreaci\u00f3n de Cartagena de Indias (IDER) y la Fundaci\u00f3n del F\u00fatbol Club Barcelona hicieron el lanzamiento oficial del programa FutbolNet con la participaci\u00f3n de 500 ni\u00f1os de estratos 1 y 2, que\u00a0busca generar una transformaci\u00f3n social a trav\u00e9s del deporte.<\/p>\n<p>El festival de lanzamiento se ejecut\u00f3\u00a0en el estadio Jaime Mor\u00f3n Le\u00f3n, donde se mostr\u00f3 a los ni\u00f1os la importancia de valores como el respeto, la tolerancia, el trabajo en equipo, la amistad y otros, a trav\u00e9s del futbol y otras actividades recreativas.<\/p>\n<p><img loading=\"lazy\" decoding=\"async\" class=\"alignnone size-medium wp-image-14871\" src=\"https:\/\/www.revistazetta.com\/wp-content\/uploads\/2016\/08\/FN1-300x187.jpg\" alt=\"FN1\" width=\"300\" height=\"187\" srcset=\"https:\/\/revistazetta.com\/wp-content\/uploads\/2016\/08\/FN1-300x187.jpg 300w, https:\/\/revistazetta.com\/wp-content\/uploads\/2016\/08\/FN1-234x146.jpg 234w, https:\/\/revistazetta.com\/wp-content\/uploads\/2016\/08\/FN1-50x31.jpg 50w, https:\/\/revistazetta.com\/wp-content\/uploads\/2016\/08\/FN1-120x75.jpg 120w, https:\/\/revistazetta.com\/wp-content\/uploads\/2016\/08\/FN1.jpg 570w\" sizes=\"auto, (max-width: 300px) 100vw, 300px\" \/> <img loading=\"lazy\" decoding=\"async\" class=\"alignnone size-medium wp-image-14872\" src=\"https:\/\/www.revistazetta.com\/wp-content\/uploads\/2016\/08\/FN2-300x187.jpg\" alt=\"FN2\" width=\"300\" height=\"187\" srcset=\"https:\/\/revistazetta.com\/wp-content\/uploads\/2016\/08\/FN2-300x187.jpg 300w, https:\/\/revistazetta.com\/wp-content\/uploads\/2016\/08\/FN2-234x146.jpg 234w, https:\/\/revistazetta.com\/wp-content\/uploads\/2016\/08\/FN2-50x31.jpg 50w, https:\/\/revistazetta.com\/wp-content\/uploads\/2016\/08\/FN2-120x75.jpg 120w, https:\/\/revistazetta.com\/wp-content\/uploads\/2016\/08\/FN2.jpg 570w\" sizes=\"auto, (max-width: 300px) 100vw, 300px\" \/><\/p>\n<p>Las personas encargadas de liderar esta jornada fueron los representantes de la Fundaci\u00f3n Barcelona, el BID y los profesores de la Escuela de Iniciaci\u00f3n y Formaci\u00f3n Deportiva del IDER, quienes hab\u00edan recibido anteriormente capacitaci\u00f3n por parte del personal experto que trae el proyecto.<\/p>\n<p>Este programa promueve el deporte como una herramienta de transformaci\u00f3n social para las comunidades m\u00e1s vulnerables basada en los valores del juego limpio, la equidad de g\u00e9nero y el trabajo en equipo. Se espera que el programa FutbolNet beneficie a un total de 6.000 ni\u00f1os de comunidades de toda la ciudad durante su implementaci\u00f3n que tendr\u00e1 lugar entre julio y diciembre del presente a\u00f1o.<\/p>\n<p>\u201cSabemos que la infancia de Cartagena necesita que le brindemos estos espacios para que vean que existen otras oportunidades para salir adelante, alejados de las drogas y los malos h\u00e1bitos de vida. Estoy muy complacido con esta alianza y esperamos que a final de a\u00f1o los resultados sean visibles con estos peque\u00f1os que son el futuro de Cartagena\u201d, sostuvo el alcalde Manolo Duque.<\/p>\n","protected":false},"excerpt":{"rendered":"<p>El Banco Interamericano de Desarrollo (BID) en conjunto con la Alcald\u00eda de Cartagena, el Instituto de Deportes y Recreaci\u00f3n de Cartagena de Indias (IDER) y la Fundaci\u00f3n del F\u00fatbol Club Barcelona hicieron el lanzamiento oficial del programa FutbolNet con la participaci\u00f3n de 500 ni\u00f1os de estratos 1 y 2, que\u00a0busca generar una transformaci\u00f3n social a trav\u00e9s del deporte. El festival de lanzamiento se ejecut\u00f3\u00a0en el estadio Jaime Mor\u00f3n Le\u00f3n, donde se mostr\u00f3 a los ni\u00f1os la importancia de valores como el respeto, la tolerancia, el trabajo en equipo, la amistad&#8230; <\/p>\n","protected":false},"author":3,"featured_media":14873,"comment_status":"open","ping_status":"closed","sticky":false,"template":"","format":"standard","meta":{"footnotes":"","_links_to":"","_links_to_target":""},"categories":[2,53,32],"tags":[],"class_list":["post-14870","post","type-post","status-publish","format-standard","has-post-thumbnail","hentry","category-actualidad","category-deportes","category-actualidad-distrito"],"_links":{"self":[{"href":"https:\/\/revistazetta.com\/index.php?rest_route=\/wp\/v2\/posts\/14870","targetHints":{"allow":["GET"]}}],"collection":[{"href":"https:\/\/revistazetta.com\/index.php?rest_route=\/wp\/v2\/posts"}],"about":[{"href":"https:\/\/revistazetta.com\/index.php?rest_route=\/wp\/v2\/types\/post"}],"author":[{"embeddable":true,"href":"https:\/\/revistazetta.com\/index.php?rest_route=\/wp\/v2\/users\/3"}],"replies":[{"embeddable":true,"href":"https:\/\/revistazetta.com\/index.php?rest_route=%2Fwp%2Fv2%2Fcomments&post=14870"}],"version-history":[{"count":0,"href":"https:\/\/revistazetta.com\/index.php?rest_route=\/wp\/v2\/posts\/14870\/revisions"}],"wp:featuredmedia":[{"embeddable":true,"href":"https:\/\/revistazetta.com\/index.php?rest_route=\/wp\/v2\/media\/14873"}],"wp:attachment":[{"href":"https:\/\/revistazetta.com\/index.php?rest_route=%2Fwp%2Fv2%2Fmedia&parent=14870"}],"wp:term":[{"taxonomy":"category","embeddable":true,"href":"https:\/\/revistazetta.com\/index.php?rest_route=%2Fwp%2Fv2%2Fcategories&post=14870"},{"taxonomy":"post_tag","embeddable":true,"href":"https:\/\/revistazetta.com\/index.php?rest_route=%2Fwp%2Fv2%2Ftags&post=14870"}],"curies":[{"name":"wp","href":"https:\/\/api.w.org\/{rel}","templated":true}]}}