{"id":14874,"date":"2016-08-01T07:22:29","date_gmt":"2016-08-01T12:22:29","guid":{"rendered":"http:\/\/www.revistazetta.com\/?p=14874"},"modified":"2016-08-01T07:29:08","modified_gmt":"2016-08-01T12:29:08","slug":"dumek-anuncia-garantias-no-plebiscito","status":"publish","type":"post","link":"https:\/\/revistazetta.com\/?p=14874","title":{"rendered":"Dumek anuncia garant\u00edas para el si y para el no en el plebiscito"},"content":{"rendered":"<p><img loading=\"lazy\" decoding=\"async\" class=\"size-medium wp-image-14876 alignleft\" src=\"https:\/\/www.revistazetta.com\/wp-content\/uploads\/2016\/08\/Dumek-dume-julio-300x300.jpg\" alt=\"Dumek dume julio\" width=\"300\" height=\"300\" srcset=\"https:\/\/revistazetta.com\/wp-content\/uploads\/2016\/08\/Dumek-dume-julio-300x300.jpg 300w, https:\/\/revistazetta.com\/wp-content\/uploads\/2016\/08\/Dumek-dume-julio-150x150.jpg 150w, https:\/\/revistazetta.com\/wp-content\/uploads\/2016\/08\/Dumek-dume-julio-146x146.jpg 146w, https:\/\/revistazetta.com\/wp-content\/uploads\/2016\/08\/Dumek-dume-julio-50x50.jpg 50w, https:\/\/revistazetta.com\/wp-content\/uploads\/2016\/08\/Dumek-dume-julio-75x75.jpg 75w, https:\/\/revistazetta.com\/wp-content\/uploads\/2016\/08\/Dumek-dume-julio-85x85.jpg 85w, https:\/\/revistazetta.com\/wp-content\/uploads\/2016\/08\/Dumek-dume-julio-80x80.jpg 80w, https:\/\/revistazetta.com\/wp-content\/uploads\/2016\/08\/Dumek-dume-julio.jpg 630w\" sizes=\"auto, (max-width: 300px) 100vw, 300px\" \/>Los respaldos para el si o para el no en el plebiscito en Bol\u00edvar contar\u00e1n con todas las garant\u00edas, anunci\u00f3 el gobernador Dumek Turbay.<\/p>\n<p>Aunque el funcionario siempre ha manifestado su simpat\u00eda por la paz, tanto que mut\u00f3 el lema gubernativo \u201cBol\u00edvar Avanza\u201d por \u201cBol\u00edvar Si Avanza\u201d, expres\u00f3 que todo aquel que opte por la opci\u00f3n del no tendr\u00e1 todas las garant\u00edas para acudir a las urnas.<\/p>\n<p>En su discurso de clausura de las sesiones ordinarias de la Asamblea Departamental, este domingo 31 de julio, el gobernador extendi\u00f3 esta instrucci\u00f3n a todos los alcaldes del departamento para que la ciudadan\u00eda pueda hacer campa\u00f1a por cualquiera de las dos opciones en igualdad de condiciones.<\/p>\n<p>\u201cHemos dicho que estamos jugados con la paz, que a Bol\u00edvar le conviene la paz, y con paz Bol\u00edvar avanza m\u00e1s\u201d, declar\u00f3 a John Zamora, director de Revista Zetta.<\/p>\n<p>\u201cA partir del momento en que se sepa la fecha del plebiscito, vamos a caminar cada municipio, corregimiento y vereda, en sinton\u00eda con los alcaldes, y dando garant\u00edas tanto a los que quieran votar por si como los que quieran votar por el no\u201d, indic\u00f3 el gobernante.<\/p>\n<p>Dijo que librar\u00e1 una lucha para que no haya abstenci\u00f3n, pues se trata de un momento hist\u00f3rico y considera que todos deben salir a votar.<\/p>\n<p>\u201cEl gobernador y los alcaldes tienen que ir a plaza p\u00fablica, a barrios, a comunidades y esquinas y decirles por qu\u00e9 es importante salir a votar\u201d, puntualiz\u00f3 Turbay Paz.<\/p>\n<p>&nbsp;<\/p>\n","protected":false},"excerpt":{"rendered":"<p>Los respaldos para el si o para el no en el plebiscito en Bol\u00edvar contar\u00e1n con todas las garant\u00edas, anunci\u00f3 el gobernador Dumek Turbay. Aunque el funcionario siempre ha manifestado su simpat\u00eda por la paz, tanto que mut\u00f3 el lema gubernativo \u201cBol\u00edvar Avanza\u201d por \u201cBol\u00edvar Si Avanza\u201d, expres\u00f3 que todo aquel que opte por la opci\u00f3n del no tendr\u00e1 todas las garant\u00edas para acudir a las urnas. En su discurso de clausura de las sesiones ordinarias de la Asamblea Departamental, este domingo 31 de julio, el gobernador extendi\u00f3 esta instrucci\u00f3n&#8230; <\/p>\n","protected":false},"author":3,"featured_media":14875,"comment_status":"open","ping_status":"closed","sticky":false,"template":"","format":"standard","meta":{"footnotes":"","_links_to":"","_links_to_target":""},"categories":[4,28,75],"tags":[],"class_list":["post-14874","post","type-post","status-publish","format-standard","has-post-thumbnail","hentry","category-politica","category-politica-asamblea","category-destacada"],"_links":{"self":[{"href":"https:\/\/revistazetta.com\/index.php?rest_route=\/wp\/v2\/posts\/14874","targetHints":{"allow":["GET"]}}],"collection":[{"href":"https:\/\/revistazetta.com\/index.php?rest_route=\/wp\/v2\/posts"}],"about":[{"href":"https:\/\/revistazetta.com\/index.php?rest_route=\/wp\/v2\/types\/post"}],"author":[{"embeddable":true,"href":"https:\/\/revistazetta.com\/index.php?rest_route=\/wp\/v2\/users\/3"}],"replies":[{"embeddable":true,"href":"https:\/\/revistazetta.com\/index.php?rest_route=%2Fwp%2Fv2%2Fcomments&post=14874"}],"version-history":[{"count":0,"href":"https:\/\/revistazetta.com\/index.php?rest_route=\/wp\/v2\/posts\/14874\/revisions"}],"wp:featuredmedia":[{"embeddable":true,"href":"https:\/\/revistazetta.com\/index.php?rest_route=\/wp\/v2\/media\/14875"}],"wp:attachment":[{"href":"https:\/\/revistazetta.com\/index.php?rest_route=%2Fwp%2Fv2%2Fmedia&parent=14874"}],"wp:term":[{"taxonomy":"category","embeddable":true,"href":"https:\/\/revistazetta.com\/index.php?rest_route=%2Fwp%2Fv2%2Fcategories&post=14874"},{"taxonomy":"post_tag","embeddable":true,"href":"https:\/\/revistazetta.com\/index.php?rest_route=%2Fwp%2Fv2%2Ftags&post=14874"}],"curies":[{"name":"wp","href":"https:\/\/api.w.org\/{rel}","templated":true}]}}